{"id":11187,"date":"2023-08-14T10:12:05","date_gmt":"2023-08-14T13:12:05","guid":{"rendered":"https:\/\/abemi.org.br\/?p=11187"},"modified":"2023-08-14T10:13:08","modified_gmt":"2023-08-14T13:13:08","slug":"abemi-marca-presenca-no-lancamento-do-novo-pac-que-preve-r-17-trilhao-de-investimentos","status":"publish","type":"post","link":"https:\/\/abemi.org.br\/en\/abemi-marca-presenca-no-lancamento-do-novo-pac-que-preve-r-17-trilhao-de-investimentos\/","title":{"rendered":"ABEMI marca presen\u00e7a no lan\u00e7amento do novo PAC que prev\u00ea R$ 1,7 trilh\u00e3o de investimentos"},"content":{"rendered":"<p dir=\"ltr\">A convite da Casa Civil, Joaquim Maia, presidente da ABEMI participou do lan\u00e7amento do Novo PAC 2023, no qual o presidente Luiz In\u00e1cio da Silva anunciou investimentos de R$ 1,7 trilh\u00e3o.\u00a0\u201cO Novo PAC \u00e9 mais do que uma vis\u00e3o, \u00e9 um compromisso com o futuro do nosso pa\u00eds\u201d, afirma Maia.<\/p>\n<p dir=\"ltr\">Com enfoque na retomada de obras paradas, acelera\u00e7\u00e3o de projetos em andamento e novos empreendimentos, o programa abrange nove \u00e1reas cruciais para o desenvolvimento: inclus\u00e3o digital, sa\u00fade e infraestrutura social, cidades sustent\u00e1veis, \u00e1gua para todos, transporte eficiente e sustent\u00e1vel, al\u00e9m da t\u00e3o importante transi\u00e7\u00e3o e seguran\u00e7a energ\u00e9tica.<\/p>","protected":false},"excerpt":{"rendered":"<p>A convite da Casa Civil, Joaquim Maia, presidente da ABEMI participou do lan\u00e7amento do Novo PAC 2023, no qual o presidente Luiz In\u00e1cio da Silva anunciou investimentos de R$ 1,7 trilh\u00e3o.\u00a0\u201cO Novo PAC \u00e9 mais do que uma vis\u00e3o, \u00e9 um compromisso com o futuro do nosso pa\u00eds\u201d, afirma Maia. Com enfoque na retomada de [&hellip;]<\/p>\n","protected":false},"author":2,"featured_media":11188,"comment_status":"open","ping_status":"open","sticky":false,"template":"","format":"standard","meta":{"site-sidebar-layout":"default","site-content-layout":"","ast-site-content-layout":"default","site-content-style":"default","site-sidebar-style":"default","ast-global-header-display":"","ast-banner-title-visibility":"","ast-main-header-display":"","ast-hfb-above-header-display":"","ast-hfb-below-header-display":"","ast-hfb-mobile-header-display":"","site-post-title":"","ast-breadcrumbs-content":"","ast-featured-img":"","footer-sml-layout":"","theme-transparent-header-meta":"","adv-header-id-meta":"","stick-header-meta":"","header-above-stick-meta":"","header-main-stick-meta":"","header-below-stick-meta":"","astra-migrate-meta-layouts":"default","ast-page-background-enabled":"default","ast-page-background-meta":{"desktop":{"background-color":"","background-image":"","background-repeat":"repeat","background-position":"center center","background-size":"auto","background-attachment":"scroll","background-type":"","background-media":"","overlay-type":"","overlay-color":"","overlay-opacity":"","overlay-gradient":""},"tablet":{"background-color":"","background-image":"","background-repeat":"repeat","background-position":"center center","background-size":"auto","background-attachment":"scroll","background-type":"","background-media":"","overlay-type":"","overlay-color":"","overlay-opacity":"","overlay-gradient":""},"mobile":{"background-color":"","background-image":"","background-repeat":"repeat","background-position":"center center","background-size":"auto","background-attachment":"scroll","background-type":"","background-media":"","overlay-type":"","overlay-color":"","overlay-opacity":"","overlay-gradient":""}},"ast-content-background-meta":{"desktop":{"background-color":"var(--ast-global-color-5)","background-image":"","background-repeat":"repeat","background-position":"center center","background-size":"auto","background-attachment":"scroll","background-type":"","background-media":"","overlay-type":"","overlay-color":"","overlay-opacity":"","overlay-gradient":""},"tablet":{"background-color":"var(--ast-global-color-5)","background-image":"","background-repeat":"repeat","background-position":"center center","background-size":"auto","background-attachment":"scroll","background-type":"","background-media":"","overlay-type":"","overlay-color":"","overlay-opacity":"","overlay-gradient":""},"mobile":{"background-color":"var(--ast-global-color-5)","background-image":"","background-repeat":"repeat","background-position":"center center","background-size":"auto","background-attachment":"scroll","background-type":"","background-media":"","overlay-type":"","overlay-color":"","overlay-opacity":"","overlay-gradient":""}},"slim_seo":{"title":"ABEMI marca presen\u00e7a no lan\u00e7amento do novo PAC que prev\u00ea R$ 1,7 trilh\u00e3o de investimentos - ABEMI","description":"A convite da Casa Civil, Joaquim Maia, presidente da ABEMI participou do lan\u00e7amento do Novo PAC 2023, no qual o presidente Luiz In\u00e1cio da Silva anunciou investi"},"footnotes":""},"categories":[25],"tags":[],"class_list":["post-11187","post","type-post","status-publish","format-standard","has-post-thumbnail","hentry","category-noticias"],"_links":{"self":[{"href":"https:\/\/abemi.org.br\/en\/wp-json\/wp\/v2\/posts\/11187","targetHints":{"allow":["GET"]}}],"collection":[{"href":"https:\/\/abemi.org.br\/en\/wp-json\/wp\/v2\/posts"}],"about":[{"href":"https:\/\/abemi.org.br\/en\/wp-json\/wp\/v2\/types\/post"}],"author":[{"embeddable":true,"href":"https:\/\/abemi.org.br\/en\/wp-json\/wp\/v2\/users\/2"}],"replies":[{"embeddable":true,"href":"https:\/\/abemi.org.br\/en\/wp-json\/wp\/v2\/comments?post=11187"}],"version-history":[{"count":0,"href":"https:\/\/abemi.org.br\/en\/wp-json\/wp\/v2\/posts\/11187\/revisions"}],"wp:featuredmedia":[{"embeddable":true,"href":"https:\/\/abemi.org.br\/en\/wp-json\/wp\/v2\/media\/11188"}],"wp:attachment":[{"href":"https:\/\/abemi.org.br\/en\/wp-json\/wp\/v2\/media?parent=11187"}],"wp:term":[{"taxonomy":"category","embeddable":true,"href":"https:\/\/abemi.org.br\/en\/wp-json\/wp\/v2\/categories?post=11187"},{"taxonomy":"post_tag","embeddable":true,"href":"https:\/\/abemi.org.br\/en\/wp-json\/wp\/v2\/tags?post=11187"}],"curies":[{"name":"wp","href":"https:\/\/api.w.org\/{rel}","templated":true}]}}