{"id":11219,"date":"2023-08-23T21:29:06","date_gmt":"2023-08-24T00:29:06","guid":{"rendered":"https:\/\/abemi.org.br\/?p=11219"},"modified":"2023-08-23T21:29:44","modified_gmt":"2023-08-24T00:29:44","slug":"cresce-a-participacao-da-iniciativa-privada-no-setor-de-saneamento-revela-panorama-anual-da-abcon-sindcon","status":"publish","type":"post","link":"https:\/\/abemi.org.br\/en\/cresce-a-participacao-da-iniciativa-privada-no-setor-de-saneamento-revela-panorama-anual-da-abcon-sindcon\/","title":{"rendered":"Cresce a participa\u00e7\u00e3o da iniciativa privada no setor de saneamento, revela Panorama Anual da ABCON SINDCON"},"content":{"rendered":"<p>O Comit\u00ea de Saneamento da ABEMI realizou em 22 de agosto evento online para apresenta\u00e7\u00e3o do anu\u00e1rio da ABCON SINDCON para os associados da ABEMI. A apresenta\u00e7\u00e3o foi feita pelo diretor-executivo da entidade, Percy Soares Neto, e a superintendente t\u00e9cnica, Ilana Ferreira.<\/p>\n<p>Segundo Percy, a publica\u00e7\u00e3o sistematiza o conjunto das informa\u00e7\u00f5es sobre a opera\u00e7\u00e3o privada de saneamento, com base em dados do SNIS (Sistema Nacional de Informa\u00e7\u00f5es sobre Saneamento), al\u00e9m de um sistema propriet\u00e1rio da ABCON SINDCON.<\/p>\n<p><img fetchpriority=\"high\" decoding=\"async\" class=\"wp-image-11220 alignright\" src=\"https:\/\/abemi.org.br\/wp-content\/uploads\/2023\/08\/Captura-de-tela-2023-08-22-114028-e1692836760337-300x169.png\" alt=\"Captura de tela 2023-08-22 114028\" width=\"403\" height=\"227\" srcset=\"https:\/\/abemi.org.br\/wp-content\/uploads\/2023\/08\/Captura-de-tela-2023-08-22-114028-e1692836760337-300x169.png 300w, https:\/\/abemi.org.br\/wp-content\/uploads\/2023\/08\/Captura-de-tela-2023-08-22-114028-e1692836760337-1024x576.png 1024w, https:\/\/abemi.org.br\/wp-content\/uploads\/2023\/08\/Captura-de-tela-2023-08-22-114028-e1692836760337-768x432.png 768w, https:\/\/abemi.org.br\/wp-content\/uploads\/2023\/08\/Captura-de-tela-2023-08-22-114028-e1692836760337-18x10.png 18w, https:\/\/abemi.org.br\/wp-content\/uploads\/2023\/08\/Captura-de-tela-2023-08-22-114028-e1692836760337.png 1124w\" sizes=\"(max-width: 403px) 100vw, 403px\" \/><\/p>\n<p>Em sua 10<sup>a<\/sup> edi\u00e7\u00e3o, o Panorama mostra o hist\u00f3rico da \u00faltima d\u00e9cada do saneamento, a evolu\u00e7\u00e3o do setor com a atualiza\u00e7\u00e3o da legisla\u00e7\u00e3o que permitiu a entrada da iniciativa privada e os desafios para os pr\u00f3ximos 10 anos, quando dever\u00e1 ser alcan\u00e7ada a universaliza\u00e7\u00e3o desse servi\u00e7o no pa\u00eds.<\/p>\n<p>Dados apresentados na publica\u00e7\u00e3o indicam que houve uma acelera\u00e7\u00e3o no atendimento de esgoto nos \u00faltimos tr\u00eas anos, o que coincide com um per\u00edodo de maior investimento em 2019. Para Ilana, merece destaque a \u00eanfase das entidades do setor e o maior foco na imprensa sobre a import\u00e2ncia do saneamento, em raz\u00e3o das discuss\u00f5es sobre a mudan\u00e7a na legisla\u00e7\u00e3o.<\/p>\n<p><strong>Volume de investimentos<\/strong><\/p>\n<p>De 2013 a 2023, o n\u00famero de munic\u00edpios atendidos pela iniciativa privada teve um aumento de quase 300%. Nesse per\u00edodo, n\u00e3o houve grandes mudan\u00e7as no perfil das concess\u00f5es, e a tend\u00eancia \u00e9 de crescimento de concess\u00f5es plenas e PPPs. O volume de investimentos, que caiu em 2020 por causa da pandemia, j\u00e1 voltou a crescer. Em 2021, os investimentos privados representaram 21% do total de recursos aplicados no setor.<\/p>\n<p>Nos \u00faltimos tr\u00eas anos, houve 28 leil\u00f5es (oito regionais e 20 municipais) em 17 estados, representando R$ 98 bilh\u00f5es de investimentos contratados e outorgas. Desse total, a maior parte concentra-se na Regi\u00e3o Sudeste, principalmente por conta do leil\u00e3o da CEDAE, no Rio de Janeiro, mas a expectativa \u00e9 de altera\u00e7\u00e3o.<\/p>\n<p><img decoding=\"async\" class=\"alignnone wp-image-11221\" src=\"https:\/\/abemi.org.br\/wp-content\/uploads\/2023\/08\/Blue-White-Futuristic-Simple-Photo-Artificial-Intelligence-YouTube-Thumbnail-7-300x169.png\" alt=\"Blue White Futuristic Simple Photo Artificial Intelligence YouTube Thumbnail (7)\" width=\"563\" height=\"317\" srcset=\"https:\/\/abemi.org.br\/wp-content\/uploads\/2023\/08\/Blue-White-Futuristic-Simple-Photo-Artificial-Intelligence-YouTube-Thumbnail-7-300x169.png 300w, https:\/\/abemi.org.br\/wp-content\/uploads\/2023\/08\/Blue-White-Futuristic-Simple-Photo-Artificial-Intelligence-YouTube-Thumbnail-7-1024x576.png 1024w, https:\/\/abemi.org.br\/wp-content\/uploads\/2023\/08\/Blue-White-Futuristic-Simple-Photo-Artificial-Intelligence-YouTube-Thumbnail-7-768x432.png 768w, https:\/\/abemi.org.br\/wp-content\/uploads\/2023\/08\/Blue-White-Futuristic-Simple-Photo-Artificial-Intelligence-YouTube-Thumbnail-7-18x10.png 18w, https:\/\/abemi.org.br\/wp-content\/uploads\/2023\/08\/Blue-White-Futuristic-Simple-Photo-Artificial-Intelligence-YouTube-Thumbnail-7.png 1280w\" sizes=\"(max-width: 563px) 100vw, 563px\" \/><\/p>\n<p>Atualmente, considerando leil\u00f5es realizados at\u00e9 dezembro de 2022, 24,2% da popula\u00e7\u00e3o e 15,3% dos munic\u00edpios ser\u00e3o atendidos total ou parcialmente pela iniciativa privada. Rio Grande do Sul, Rio de Janeiro, Alagoas, Amap\u00e1 e Mato Grosso do Sul t\u00eam as maiores concentra\u00e7\u00f5es de opera\u00e7\u00f5es privadas.<\/p>\n<p>Mais de 50% da opera\u00e7\u00e3o privada ocorre em contratos de at\u00e9 50 mil habitantes e quase 30% s\u00e3o contratos de at\u00e9 20 mil habitantes, <strong>mostrando que o porte do munic\u00edpio n\u00e3o \u00e9 o \u00fanico crit\u00e9rio de viabilidade<\/strong>, h\u00e1 tamb\u00e9m desafios t\u00e9cnicos e capacidade de pagamento, entre outros. Para Ilana, \u00e9 importante ressaltar que a parceria com o setor privado se d\u00e1 por meio de diversas modalidades e, diante do desafio da universaliza\u00e7\u00e3o da \u00e1gua e saneamento, essa pluralidade contratual \u00e9 fundamental.<\/p>\n<p>\u201cEm 2021, as PPPs responderam por 19% dos investimentos privados. S\u00e3o 21 contratos em 10 estados, beneficiando 16 milh\u00f5es de pessoas ao longo da costa do pa\u00eds\u201d, informou. Para o futuro, est\u00e3o mapeados prov\u00e1veis projetos PPP em Goi\u00e1s, Bahia, Para\u00edba, Sergipe e Paran\u00e1, que est\u00e3o em fase de contrata\u00e7\u00e3o, discuss\u00e3o e estrutura\u00e7\u00e3o.<\/p>\n<p><strong>Recupera\u00e7\u00e3o da estrutura<\/strong><\/p>\n<p>\u201cCom o lan\u00e7amento do Novo PAC, o governo federal sinaliza a participa\u00e7\u00e3o de investimentos privados e p\u00fablicos (PPPs) para desenvolvimento de investimentos de infraestrutura de saneamento, o que \u00e9 uma excelente not\u00edcia para o setor\u201d, afirma o presidente da ABEMI, Joaquim Maia.<\/p>\n<blockquote><p>Segundo Ilana, de acordo com estudo realizado pela entidade e atualizado pela KPMG em 2021, ser\u00e3o necess\u00e1rios R$ 893,3 bilh\u00f5es em investimentos para atingir a universaliza\u00e7\u00e3o, incluindo a recupera\u00e7\u00e3o da estrutura existente e sua manuten\u00e7\u00e3o. Esses investimentos na cadeia produtiva do saneamento ter\u00e3o impactos muito importantes, principalmente na constru\u00e7\u00e3o civil. Estima-se um aumento do PIB de R$ 1,9 trilh\u00e3o at\u00e9 2033.<\/p><\/blockquote>\n<p>Num acompanhamento sistem\u00e1tico do mercado, a ABCON SINDCON apurou que, em abril de 2023, <strong>havia 31 projetos em estrutura\u00e7\u00e3o, que ultrapassam R$ 24 bilh\u00f5es em investimentos.<\/strong> A maior concentra\u00e7\u00e3o na Regi\u00e3o Nordeste do Brasil.<\/p>\n<p><strong>Leia estudo na \u00edntegra: https:\/\/abconsindcon.com.br\/panorama<\/strong><\/p>\n<p><em><strong>Editora Conte\u00fado<\/strong><\/em><\/p>\n<p><strong>\u00a0<\/strong><\/p>","protected":false},"excerpt":{"rendered":"<p>O Comit\u00ea de Saneamento da ABEMI realizou em 22 de agosto evento online para apresenta\u00e7\u00e3o do anu\u00e1rio da ABCON SINDCON para os associados da ABEMI. A apresenta\u00e7\u00e3o foi feita pelo diretor-executivo da entidade, Percy Soares Neto, e a superintendente t\u00e9cnica, Ilana Ferreira. Segundo Percy, a publica\u00e7\u00e3o sistematiza o conjunto das informa\u00e7\u00f5es sobre a opera\u00e7\u00e3o privada [&hellip;]<\/p>\n","protected":false},"author":2,"featured_media":11222,"comment_status":"open","ping_status":"open","sticky":false,"template":"","format":"standard","meta":{"site-sidebar-layout":"default","site-content-layout":"","ast-site-content-layout":"default","site-content-style":"default","site-sidebar-style":"default","ast-global-header-display":"","ast-banner-title-visibility":"","ast-main-header-display":"","ast-hfb-above-header-display":"","ast-hfb-below-header-display":"","ast-hfb-mobile-header-display":"","site-post-title":"","ast-breadcrumbs-content":"","ast-featured-img":"","footer-sml-layout":"","theme-transparent-header-meta":"","adv-header-id-meta":"","stick-header-meta":"","header-above-stick-meta":"","header-main-stick-meta":"","header-below-stick-meta":"","astra-migrate-meta-layouts":"default","ast-page-background-enabled":"default","ast-page-background-meta":{"desktop":{"background-color":"","background-image":"","background-repeat":"repeat","background-position":"center center","background-size":"auto","background-attachment":"scroll","background-type":"","background-media":"","overlay-type":"","overlay-color":"","overlay-opacity":"","overlay-gradient":""},"tablet":{"background-color":"","background-image":"","background-repeat":"repeat","background-position":"center center","background-size":"auto","background-attachment":"scroll","background-type":"","background-media":"","overlay-type":"","overlay-color":"","overlay-opacity":"","overlay-gradient":""},"mobile":{"background-color":"","background-image":"","background-repeat":"repeat","background-position":"center center","background-size":"auto","background-attachment":"scroll","background-type":"","background-media":"","overlay-type":"","overlay-color":"","overlay-opacity":"","overlay-gradient":""}},"ast-content-background-meta":{"desktop":{"background-color":"var(--ast-global-color-5)","background-image":"","background-repeat":"repeat","background-position":"center center","background-size":"auto","background-attachment":"scroll","background-type":"","background-media":"","overlay-type":"","overlay-color":"","overlay-opacity":"","overlay-gradient":""},"tablet":{"background-color":"var(--ast-global-color-5)","background-image":"","background-repeat":"repeat","background-position":"center center","background-size":"auto","background-attachment":"scroll","background-type":"","background-media":"","overlay-type":"","overlay-color":"","overlay-opacity":"","overlay-gradient":""},"mobile":{"background-color":"var(--ast-global-color-5)","background-image":"","background-repeat":"repeat","background-position":"center center","background-size":"auto","background-attachment":"scroll","background-type":"","background-media":"","overlay-type":"","overlay-color":"","overlay-opacity":"","overlay-gradient":""}},"slim_seo":{"title":"Cresce a participa\u00e7\u00e3o da iniciativa privada no setor de saneamento, revela Panorama Anual da ABCON SINDCON - ABEMI","description":"O Comit\u00ea de Saneamento da ABEMI realizou em 22 de agosto evento online para apresenta\u00e7\u00e3o do anu\u00e1rio da ABCON SINDCON para os associados da ABEMI. A apresenta\u00e7\u00e3o"},"footnotes":""},"categories":[25],"tags":[],"class_list":["post-11219","post","type-post","status-publish","format-standard","has-post-thumbnail","hentry","category-noticias"],"_links":{"self":[{"href":"https:\/\/abemi.org.br\/en\/wp-json\/wp\/v2\/posts\/11219","targetHints":{"allow":["GET"]}}],"collection":[{"href":"https:\/\/abemi.org.br\/en\/wp-json\/wp\/v2\/posts"}],"about":[{"href":"https:\/\/abemi.org.br\/en\/wp-json\/wp\/v2\/types\/post"}],"author":[{"embeddable":true,"href":"https:\/\/abemi.org.br\/en\/wp-json\/wp\/v2\/users\/2"}],"replies":[{"embeddable":true,"href":"https:\/\/abemi.org.br\/en\/wp-json\/wp\/v2\/comments?post=11219"}],"version-history":[{"count":0,"href":"https:\/\/abemi.org.br\/en\/wp-json\/wp\/v2\/posts\/11219\/revisions"}],"wp:featuredmedia":[{"embeddable":true,"href":"https:\/\/abemi.org.br\/en\/wp-json\/wp\/v2\/media\/11222"}],"wp:attachment":[{"href":"https:\/\/abemi.org.br\/en\/wp-json\/wp\/v2\/media?parent=11219"}],"wp:term":[{"taxonomy":"category","embeddable":true,"href":"https:\/\/abemi.org.br\/en\/wp-json\/wp\/v2\/categories?post=11219"},{"taxonomy":"post_tag","embeddable":true,"href":"https:\/\/abemi.org.br\/en\/wp-json\/wp\/v2\/tags?post=11219"}],"curies":[{"name":"wp","href":"https:\/\/api.w.org\/{rel}","templated":true}]}}