{"id":11633,"date":"2023-10-31T14:42:57","date_gmt":"2023-10-31T17:42:57","guid":{"rendered":"https:\/\/abemi.org.br\/?p=11633"},"modified":"2023-10-31T14:49:20","modified_gmt":"2023-10-31T17:49:20","slug":"coalizao-liderada-pela-abemi-apresenta-estudo-sobre-desafios-no-transporte-de-gas-do-pre-sal","status":"publish","type":"post","link":"https:\/\/abemi.org.br\/en\/coalizao-liderada-pela-abemi-apresenta-estudo-sobre-desafios-no-transporte-de-gas-do-pre-sal\/","title":{"rendered":"Coaliz\u00e3o, liderada pela ABEMI, apresenta estudo sobre desafios no transporte de g\u00e1s do pr\u00e9-sal"},"content":{"rendered":"<p>A Associa\u00e7\u00e3o Brasileira de Engenharia Industrial (ABEMI), l\u00edder da Coaliz\u00e3o pela Competitividade do G\u00e1s Natural, estar\u00e1 em Bras\u00edlia nos dias 31 de outubro e 01 de novembro, para apresentar o estudo realizado pelo Instituto de Energia da PUC-Rio (IE-PUC), na pessoa de seu presidente, Joaquim Maia e demais representantes da Coaliz\u00e3o.<\/p>\n<p>O estudo que ser\u00e1 apresentado ao Minist\u00e9rio de Minas e Energia, nas reuni\u00f5es p\u00fablicas dos comit\u00eas t\u00e9cnicos do G\u00e1s para Empregar, ressalta desafios cr\u00edticos na transfer\u00eancia de g\u00e1s do pr\u00e9-sal para a malha da Transportadora Brasileira Gasoduto Bol\u00edvia-Brasil (TBG), mais especificamente nos comit\u00eas 1,2 e 5, cujo enfoques s\u00e3o:<\/p>\n<ul>\n<li><strong>Comit\u00ea 1: Disponibilidade do G\u00e1s Natural (explora\u00e7\u00e3o e produ\u00e7\u00e3o \u2013 Reservat\u00f3rios e FPSOs)<\/strong><\/li>\n<li><strong>Comit\u00ea 2: Acesso ao mercado de GN (escoamento, processamento, transporte, estocagem e terminal de GNL)<\/strong><\/li>\n<li><strong>Comit\u00ea 5: Papel do GN na\u00a0Transi\u00e7\u00e3o\u00a0Energ\u00e9tica.<\/strong><\/li>\n<\/ul>\n<p>Segundo as descobertas, existem limita\u00e7\u00f5es na movimenta\u00e7\u00e3o e preocupa\u00e7\u00f5es de seguran\u00e7a, que poderiam potencialmente dividir o mercado em duas \u00e1reas com pre\u00e7os distintos. A Coaliz\u00e3o propor\u00e1 recomenda\u00e7\u00f5es e solu\u00e7\u00f5es para os desafios identificados, enfatizando a import\u00e2ncia da colabora\u00e7\u00e3o entre o setor p\u00fablico e privado para superar essas dificuldades. As poss\u00edveis propostas visam promover um mercado de g\u00e1s mais eficiente, acess\u00edvel e competitivo, garantindo assim o crescimento sustent\u00e1vel do setor.<\/p>\n<p><img fetchpriority=\"high\" decoding=\"async\" class=\"wp-image-11635 alignleft\" src=\"https:\/\/abemi.org.br\/wp-content\/uploads\/2023\/10\/Blue-White-Futuristic-Simple-Photo-Artificial-Intelligence-YouTube-Thumbnail-2-300x169.png\" alt=\"Blue White Futuristic Simple Photo Artificial Intelligence YouTube Thumbnail (2)\" width=\"511\" height=\"288\" srcset=\"https:\/\/abemi.org.br\/wp-content\/uploads\/2023\/10\/Blue-White-Futuristic-Simple-Photo-Artificial-Intelligence-YouTube-Thumbnail-2-300x169.png 300w, https:\/\/abemi.org.br\/wp-content\/uploads\/2023\/10\/Blue-White-Futuristic-Simple-Photo-Artificial-Intelligence-YouTube-Thumbnail-2-1024x576.png 1024w, https:\/\/abemi.org.br\/wp-content\/uploads\/2023\/10\/Blue-White-Futuristic-Simple-Photo-Artificial-Intelligence-YouTube-Thumbnail-2-768x432.png 768w, https:\/\/abemi.org.br\/wp-content\/uploads\/2023\/10\/Blue-White-Futuristic-Simple-Photo-Artificial-Intelligence-YouTube-Thumbnail-2-18x10.png 18w, https:\/\/abemi.org.br\/wp-content\/uploads\/2023\/10\/Blue-White-Futuristic-Simple-Photo-Artificial-Intelligence-YouTube-Thumbnail-2.png 1280w\" sizes=\"(max-width: 511px) 100vw, 511px\" \/><\/p>\n<p><strong>Desafios importantes<\/strong><\/p>\n<p>Uma dessas \u00e1reas seria abastecida principalmente por g\u00e1s nacional, oferecendo pre\u00e7os mais acess\u00edveis, enquanto a outra dependeria de g\u00e1s natural liquefeito (GNL) importado, resultando em pre\u00e7os mais elevados para os consumidores. O estudo destaca a urg\u00eancia de revisar a tarifa de interconex\u00e3o entre as malhas da Nova Transportadora do Sudeste (NTS) e TBG, uma quest\u00e3o que est\u00e1 atualmente na agenda regulat\u00f3ria da Ag\u00eancia Nacional do Petr\u00f3leo, G\u00e1s Natural e Biocombust\u00edveis (ANP), com uma nova resolu\u00e7\u00e3o prevista para ser conclu\u00edda at\u00e9 abril de 2025.<\/p>\n<p>Joaquim Maia, presidente da ABEMI, enfatiza a import\u00e2ncia de abordar esses desafios cruciais no setor de g\u00e1s, propondo investimentos significativos em infraestrutura de escoamento e processamento para atender \u00e0 crescente demanda de g\u00e1s do pr\u00e9-sal. Al\u00e9m disso, o estudo identificou a demanda por novos gasodutos para o fornecimento de g\u00e1s a novas f\u00e1bricas de fertilizantes, evidenciando a necessidade de pre\u00e7os competitivos no setor.<\/p>\n<figure id=\"attachment_8119\" aria-describedby=\"caption-attachment-8119\" style=\"width: 200px\" class=\"wp-caption alignright\"><img decoding=\"async\" class=\"wp-image-8119 size-medium\" src=\"https:\/\/abemi.org.br\/wp-content\/uploads\/2022\/11\/IMG_6740-200x300.jpg\" alt=\"IMG_6740\" width=\"200\" height=\"300\" srcset=\"https:\/\/abemi.org.br\/wp-content\/uploads\/2022\/11\/IMG_6740-200x300.jpg 200w, https:\/\/abemi.org.br\/wp-content\/uploads\/2022\/11\/IMG_6740-683x1024.jpg 683w, https:\/\/abemi.org.br\/wp-content\/uploads\/2022\/11\/IMG_6740-768x1152.jpg 768w, https:\/\/abemi.org.br\/wp-content\/uploads\/2022\/11\/IMG_6740-1024x1536.jpg 1024w, https:\/\/abemi.org.br\/wp-content\/uploads\/2022\/11\/IMG_6740-8x12.jpg 8w, https:\/\/abemi.org.br\/wp-content\/uploads\/2022\/11\/IMG_6740.jpg 1200w\" sizes=\"(max-width: 200px) 100vw, 200px\" \/><figcaption id=\"caption-attachment-8119\" class=\"wp-caption-text\">Joaquim Maia, da ABEMI<\/figcaption><\/figure>\n<p>Maia destaca ainda a import\u00e2ncia da participa\u00e7\u00e3o do setor privado caso a viabilidade esteja comprovada. A apresenta\u00e7\u00e3o do estudo representa um passo fundamental para promover a compreens\u00e3o dos desafios atuais e futuros no setor de g\u00e1s, visando garantir um mercado competitivo, eficiente e sustent\u00e1vel no Brasil.<\/p>\n<p><strong>Grupo CCGNMP <\/strong><\/p>\n<p>A Coaliz\u00e3o pela Competitividade do G\u00e1s Natural Mat\u00e9ria-prima (CCGNMP) \u00e9 um grupo t\u00e9cnico multidisciplinar liderado pela Associa\u00e7\u00e3o Brasileira de Engenharia Industrial (ABEMI), entidade l\u00edder e com coordena\u00e7\u00e3o t\u00e9cnica da Associa\u00e7\u00e3o Brasileira da Ind\u00fastria Qu\u00edmica (ABIQUIM). E pelas entidades: Associa\u00e7\u00e3o Brasileira da Infraestrutura e Ind\u00fastrias de Base (ABDIB), Associa\u00e7\u00e3o Brasileira das Empresas Distribuidoras de G\u00e1s Canalizado (ABEG\u00c1S), Associa\u00e7\u00e3o Brasileira da Ind\u00fastria de M\u00e1quinas e Equipamentos (ABIMAQ), Associa\u00e7\u00e3o Brasileira da Ind\u00fastria do Pl\u00e1stico (ABIPLAST), Confedera\u00e7\u00e3o Nacional do Transporte (CNT), Federa\u00e7\u00e3o das Ind\u00fastrias do Estado da Bahia (FIEB), Federa\u00e7\u00e3o das Ind\u00fastrias do Estado de Minas Gerais (FIEMG), Federa\u00e7\u00e3o das Ind\u00fastrias do Estado do Rio de Janeiro (FIRJAN), Transportadora de G\u00e1s Brasil Central S\/A (TGBC), Organiza\u00e7\u00e3o Nacional da Ind\u00fastria do Petr\u00f3leo (ONIP), IAB &#8211; Instiuto A\u00e7o Brasil, Associa\u00e7\u00e3o Nacional dos Fabricantes de Cer\u00e2mica para Revestimentos, Lou\u00e7as Sanit\u00e1rias e Cong\u00eaneres (ANFACER), Secretaria de Estado do Desenvolvimento Econ\u00f4mico e da Ci\u00eancia e Tecnologia do Estado de Sergipe (SEDETEC), Secretaria de Estado de Desenvolvimento Econ\u00f4mico do Estado de Minas Gerais (SEDE) e Secretaria de Estado de Energia e Economia do Mar do Estado do Rio de Janeiro (SEENEMAR).<\/p>\n<p><em><strong>Editora Conte\u00fado<\/strong><\/em><\/p>","protected":false},"excerpt":{"rendered":"<p>A Associa\u00e7\u00e3o Brasileira de Engenharia Industrial (ABEMI), l\u00edder da Coaliz\u00e3o pela Competitividade do G\u00e1s Natural, estar\u00e1 em Bras\u00edlia nos dias 31 de outubro e 01 de novembro, para apresentar o estudo realizado pelo Instituto de Energia da PUC-Rio (IE-PUC), na pessoa de seu presidente, Joaquim Maia e demais representantes da Coaliz\u00e3o. O estudo que ser\u00e1 [&hellip;]<\/p>\n","protected":false},"author":2,"featured_media":11636,"comment_status":"open","ping_status":"open","sticky":false,"template":"","format":"standard","meta":{"site-sidebar-layout":"default","site-content-layout":"","ast-site-content-layout":"default","site-content-style":"default","site-sidebar-style":"default","ast-global-header-display":"","ast-banner-title-visibility":"","ast-main-header-display":"","ast-hfb-above-header-display":"","ast-hfb-below-header-display":"","ast-hfb-mobile-header-display":"","site-post-title":"","ast-breadcrumbs-content":"","ast-featured-img":"","footer-sml-layout":"","theme-transparent-header-meta":"","adv-header-id-meta":"","stick-header-meta":"","header-above-stick-meta":"","header-main-stick-meta":"","header-below-stick-meta":"","astra-migrate-meta-layouts":"default","ast-page-background-enabled":"default","ast-page-background-meta":{"desktop":{"background-color":"","background-image":"","background-repeat":"repeat","background-position":"center center","background-size":"auto","background-attachment":"scroll","background-type":"","background-media":"","overlay-type":"","overlay-color":"","overlay-opacity":"","overlay-gradient":""},"tablet":{"background-color":"","background-image":"","background-repeat":"repeat","background-position":"center center","background-size":"auto","background-attachment":"scroll","background-type":"","background-media":"","overlay-type":"","overlay-color":"","overlay-opacity":"","overlay-gradient":""},"mobile":{"background-color":"","background-image":"","background-repeat":"repeat","background-position":"center center","background-size":"auto","background-attachment":"scroll","background-type":"","background-media":"","overlay-type":"","overlay-color":"","overlay-opacity":"","overlay-gradient":""}},"ast-content-background-meta":{"desktop":{"background-color":"var(--ast-global-color-5)","background-image":"","background-repeat":"repeat","background-position":"center center","background-size":"auto","background-attachment":"scroll","background-type":"","background-media":"","overlay-type":"","overlay-color":"","overlay-opacity":"","overlay-gradient":""},"tablet":{"background-color":"var(--ast-global-color-5)","background-image":"","background-repeat":"repeat","background-position":"center center","background-size":"auto","background-attachment":"scroll","background-type":"","background-media":"","overlay-type":"","overlay-color":"","overlay-opacity":"","overlay-gradient":""},"mobile":{"background-color":"var(--ast-global-color-5)","background-image":"","background-repeat":"repeat","background-position":"center center","background-size":"auto","background-attachment":"scroll","background-type":"","background-media":"","overlay-type":"","overlay-color":"","overlay-opacity":"","overlay-gradient":""}},"slim_seo":{"title":"Coaliz\u00e3o, liderada pela ABEMI, apresenta estudo sobre desafios no transporte de g\u00e1s do pr\u00e9-sal - ABEMI","description":"A Associa\u00e7\u00e3o Brasileira de Engenharia Industrial (ABEMI), l\u00edder da Coaliz\u00e3o pela Competitividade do G\u00e1s Natural, estar\u00e1 em Bras\u00edlia nos dias 31 de outubro e 01"},"footnotes":""},"categories":[25],"tags":[],"class_list":["post-11633","post","type-post","status-publish","format-standard","has-post-thumbnail","hentry","category-noticias"],"_links":{"self":[{"href":"https:\/\/abemi.org.br\/en\/wp-json\/wp\/v2\/posts\/11633","targetHints":{"allow":["GET"]}}],"collection":[{"href":"https:\/\/abemi.org.br\/en\/wp-json\/wp\/v2\/posts"}],"about":[{"href":"https:\/\/abemi.org.br\/en\/wp-json\/wp\/v2\/types\/post"}],"author":[{"embeddable":true,"href":"https:\/\/abemi.org.br\/en\/wp-json\/wp\/v2\/users\/2"}],"replies":[{"embeddable":true,"href":"https:\/\/abemi.org.br\/en\/wp-json\/wp\/v2\/comments?post=11633"}],"version-history":[{"count":0,"href":"https:\/\/abemi.org.br\/en\/wp-json\/wp\/v2\/posts\/11633\/revisions"}],"wp:featuredmedia":[{"embeddable":true,"href":"https:\/\/abemi.org.br\/en\/wp-json\/wp\/v2\/media\/11636"}],"wp:attachment":[{"href":"https:\/\/abemi.org.br\/en\/wp-json\/wp\/v2\/media?parent=11633"}],"wp:term":[{"taxonomy":"category","embeddable":true,"href":"https:\/\/abemi.org.br\/en\/wp-json\/wp\/v2\/categories?post=11633"},{"taxonomy":"post_tag","embeddable":true,"href":"https:\/\/abemi.org.br\/en\/wp-json\/wp\/v2\/tags?post=11633"}],"curies":[{"name":"wp","href":"https:\/\/api.w.org\/{rel}","templated":true}]}}