{"id":12840,"date":"2025-02-17T12:06:47","date_gmt":"2025-02-17T15:06:47","guid":{"rendered":"https:\/\/abemi.org.br\/?p=12840"},"modified":"2025-02-17T16:22:29","modified_gmt":"2025-02-17T19:22:29","slug":"abemi-participa-de-feira-de-negocios-da-industria-naval-e-offshore-em-angra-dos-reis-rj","status":"publish","type":"post","link":"https:\/\/abemi.org.br\/en\/abemi-participa-de-feira-de-negocios-da-industria-naval-e-offshore-em-angra-dos-reis-rj\/","title":{"rendered":"ABEMI participa de Feira de Neg\u00f3cios da Ind\u00fastria Naval e Offshore, em Angra dos Reis (RJ)"},"content":{"rendered":"<p>THE\u00a0<strong>ABEMI<\/strong>\u00a0marcou presen\u00e7a na\u00a0<strong>Feira de Neg\u00f3cios da Ind\u00fastria Naval e Offshore Brasileira<\/strong>, realizada hoje em\u00a0<strong>Angra dos Reis (RJ)<\/strong>, com um\u00a0<strong>estande exclusivo<\/strong>. O evento reuniu os principais agentes do setor para fomentar novas oportunidades e fortalecer a cadeia produtiva da ind\u00fastria naval e offshore no Brasil. Representando a presid\u00eancia da ABEMI, o\u00a0<strong>CEO da EBSE e diretor da entidade, Marcelo Bonilha<\/strong>, esteve no evento, refor\u00e7ando o compromisso da associa\u00e7\u00e3o com o desenvolvimento da engenharia nacional.<\/p>\n<p>Um dos destaques da feira foi a visita do\u00a0<strong>presidente Luiz In\u00e1cio Lula da Silva<\/strong>, da\u00a0<strong>presidente da Petrobras, Magda Chambriard<\/strong>, do\u00a0<strong>ministro de Minas e Energia, Alexandre Silveira<\/strong>, e da\u00a0<strong>diretora de Engenharia da Petrobras, Renata Baruzzi<\/strong>, ao estande da ABEMI. Na ocasi\u00e3o, Lula solicitou um exemplar do livro comemorativo dos 60 anos da ABEMI, uma obra que documenta a trajet\u00f3ria e a contribui\u00e7\u00e3o da associa\u00e7\u00e3o para a evolu\u00e7\u00e3o da engenharia no Brasil.<\/p>\n<figure id=\"attachment_12843\" aria-describedby=\"caption-attachment-12843\" style=\"width: 225px\" class=\"wp-caption alignright\"><img fetchpriority=\"high\" decoding=\"async\" class=\"wp-image-12843 size-medium\" src=\"https:\/\/abemi.org.br\/wp-content\/uploads\/2025\/02\/abemi-2502171610041-225x300.jpg\" alt=\"Img 20250217 Wa0055\" width=\"225\" height=\"300\" srcset=\"https:\/\/abemi.org.br\/wp-content\/uploads\/2025\/02\/abemi-2502171610041-225x300.jpg 225w, https:\/\/abemi.org.br\/wp-content\/uploads\/2025\/02\/abemi-2502171610041-768x1024.jpg 768w, https:\/\/abemi.org.br\/wp-content\/uploads\/2025\/02\/abemi-2502171610041-9x12.jpg 9w, https:\/\/abemi.org.br\/wp-content\/uploads\/2025\/02\/abemi-2502171610041.jpg 960w\" sizes=\"(max-width: 225px) 100vw, 225px\" \/><figcaption id=\"caption-attachment-12843\" class=\"wp-caption-text\">Presidente Luiz In\u00e1cio Lula da Silva recebendo o exemplar do livro comemorativo dos 60 anos da ABEMI no estande da entidade<\/figcaption><\/figure>\n<p><strong>Em paralelo<\/strong>, no Terminal da Transpetro, o presidente Lula anunciou\u00a0<strong>duas importantes iniciativas<\/strong>\u00a0para impulsionar a ind\u00fastria naval brasileira. Acompanhado do\u00a0<strong>vice-presidente Geraldo Alckmin<\/strong>, da\u00a0<strong>presidente da Petrobras, Magda Chambriard<\/strong>, do\u00a0<strong>presidente da Transpetro, S\u00e9rgio Bacci<\/strong>, do ministro da Casa Civil, Rui Costa e de ministros, ele lan\u00e7ou a <strong>segunda licita\u00e7\u00e3o do Programa de Renova\u00e7\u00e3o e Amplia\u00e7\u00e3o da Frota do Sistema Petrobras<\/strong>.<\/p>\n<p>O projeto prev\u00ea a aquisi\u00e7\u00e3o de\u00a0<strong>oito navios gaseiros<\/strong>, ampliando a capacidade de transporte de\u00a0<strong>G\u00e1s Liquefeito de Petr\u00f3leo (GLP)<\/strong>\u00a0e derivados, al\u00e9m de permitir o transporte de\u00a0<strong>am\u00f4nia<\/strong>. A participa\u00e7\u00e3o da ABEMI na feira reafirma seu compromisso em\u00a0<strong>impulsionar a engenharia industrial e o setor naval brasileiro<\/strong>, acompanhando de perto os avan\u00e7os, desafios e novas oportunidades.<\/p>","protected":false},"excerpt":{"rendered":"<p>A\u00a0ABEMI\u00a0marcou presen\u00e7a na\u00a0Feira de Neg\u00f3cios da Ind\u00fastria Naval e Offshore Brasileira, realizada hoje em\u00a0Angra dos Reis (RJ), com um\u00a0estande exclusivo. O evento reuniu os principais agentes do setor para fomentar novas oportunidades e fortalecer a cadeia produtiva da ind\u00fastria naval e offshore no Brasil. Representando a presid\u00eancia da ABEMI, o\u00a0CEO da EBSE e diretor da [&hellip;]<\/p>\n","protected":false},"author":2,"featured_media":12841,"comment_status":"open","ping_status":"open","sticky":false,"template":"","format":"standard","meta":{"site-sidebar-layout":"default","site-content-layout":"","ast-site-content-layout":"default","site-content-style":"default","site-sidebar-style":"default","ast-global-header-display":"","ast-banner-title-visibility":"","ast-main-header-display":"","ast-hfb-above-header-display":"","ast-hfb-below-header-display":"","ast-hfb-mobile-header-display":"","site-post-title":"","ast-breadcrumbs-content":"","ast-featured-img":"","footer-sml-layout":"","theme-transparent-header-meta":"default","adv-header-id-meta":"","stick-header-meta":"","header-above-stick-meta":"","header-main-stick-meta":"","header-below-stick-meta":"","astra-migrate-meta-layouts":"set","ast-page-background-enabled":"default","ast-page-background-meta":{"desktop":{"background-color":"","background-image":"","background-repeat":"repeat","background-position":"center center","background-size":"auto","background-attachment":"scroll","background-type":"","background-media":"","overlay-type":"","overlay-color":"","overlay-opacity":"","overlay-gradient":""},"tablet":{"background-color":"","background-image":"","background-repeat":"repeat","background-position":"center center","background-size":"auto","background-attachment":"scroll","background-type":"","background-media":"","overlay-type":"","overlay-color":"","overlay-opacity":"","overlay-gradient":""},"mobile":{"background-color":"","background-image":"","background-repeat":"repeat","background-position":"center center","background-size":"auto","background-attachment":"scroll","background-type":"","background-media":"","overlay-type":"","overlay-color":"","overlay-opacity":"","overlay-gradient":""}},"ast-content-background-meta":{"desktop":{"background-color":"var(--ast-global-color-5)","background-image":"","background-repeat":"repeat","background-position":"center center","background-size":"auto","background-attachment":"scroll","background-type":"","background-media":"","overlay-type":"","overlay-color":"","overlay-opacity":"","overlay-gradient":""},"tablet":{"background-color":"var(--ast-global-color-5)","background-image":"","background-repeat":"repeat","background-position":"center center","background-size":"auto","background-attachment":"scroll","background-type":"","background-media":"","overlay-type":"","overlay-color":"","overlay-opacity":"","overlay-gradient":""},"mobile":{"background-color":"var(--ast-global-color-5)","background-image":"","background-repeat":"repeat","background-position":"center center","background-size":"auto","background-attachment":"scroll","background-type":"","background-media":"","overlay-type":"","overlay-color":"","overlay-opacity":"","overlay-gradient":""}},"slim_seo":{"title":"ABEMI participa de Feira de Neg\u00f3cios da Ind\u00fastria Naval e Offshore, em Angra dos Reis (RJ) - ABEMI","description":"A\u00a0 ABEMI \u00a0marcou presen\u00e7a na\u00a0 Feira de Neg\u00f3cios da Ind\u00fastria Naval e Offshore Brasileira , realizada hoje em\u00a0 Angra dos Reis (RJ) , com um\u00a0 estande exclusivo ."},"footnotes":""},"categories":[25],"tags":[],"class_list":["post-12840","post","type-post","status-publish","format-standard","has-post-thumbnail","hentry","category-noticias"],"_links":{"self":[{"href":"https:\/\/abemi.org.br\/en\/wp-json\/wp\/v2\/posts\/12840","targetHints":{"allow":["GET"]}}],"collection":[{"href":"https:\/\/abemi.org.br\/en\/wp-json\/wp\/v2\/posts"}],"about":[{"href":"https:\/\/abemi.org.br\/en\/wp-json\/wp\/v2\/types\/post"}],"author":[{"embeddable":true,"href":"https:\/\/abemi.org.br\/en\/wp-json\/wp\/v2\/users\/2"}],"replies":[{"embeddable":true,"href":"https:\/\/abemi.org.br\/en\/wp-json\/wp\/v2\/comments?post=12840"}],"version-history":[{"count":0,"href":"https:\/\/abemi.org.br\/en\/wp-json\/wp\/v2\/posts\/12840\/revisions"}],"wp:featuredmedia":[{"embeddable":true,"href":"https:\/\/abemi.org.br\/en\/wp-json\/wp\/v2\/media\/12841"}],"wp:attachment":[{"href":"https:\/\/abemi.org.br\/en\/wp-json\/wp\/v2\/media?parent=12840"}],"wp:term":[{"taxonomy":"category","embeddable":true,"href":"https:\/\/abemi.org.br\/en\/wp-json\/wp\/v2\/categories?post=12840"},{"taxonomy":"post_tag","embeddable":true,"href":"https:\/\/abemi.org.br\/en\/wp-json\/wp\/v2\/tags?post=12840"}],"curies":[{"name":"wp","href":"https:\/\/api.w.org\/{rel}","templated":true}]}}