{"id":14031,"date":"2026-03-30T23:24:29","date_gmt":"2026-03-31T02:24:29","guid":{"rendered":"https:\/\/abemi.org.br\/?p=14031"},"modified":"2026-03-30T23:26:31","modified_gmt":"2026-03-31T02:26:31","slug":"abemi-participa-de-cerimonia-de-posse-do-novo-governador-de-minas-gerais","status":"publish","type":"post","link":"https:\/\/abemi.org.br\/en\/abemi-participa-de-cerimonia-de-posse-do-novo-governador-de-minas-gerais\/","title":{"rendered":"ABEMI participa de cerim\u00f4nia de posse do novo Governador de Minas Gerais, Mateus Sim\u00f5es"},"content":{"rendered":"<div dir=\"auto\">A ABEMI participou da cerim\u00f4nia de posse do novo Governador de Minas Gerais, Mateus Sim\u00f5es, refor\u00e7ando sua presen\u00e7a institucional em um dos estados mais estrat\u00e9gicos para a ind\u00fastria e a engenharia no pa\u00eds. Representando a entidade, o Diretor de Rela\u00e7\u00f5es Institucionais, Ita\u00e9rcio Marinho, esteve no evento e teve a oportunidade de dialogar com importantes lideran\u00e7as do setor p\u00fablico e privado.<\/div>\n<div dir=\"auto\"><\/div>\n<div dir=\"auto\">Durante a cerim\u00f4nia, a ABEMI destacou a for\u00e7a e a maturidade da engenharia nacional, que se mostra preparada para atender \u00e0s crescentes demandas de setores-chave como minera\u00e7\u00e3o, terras raras, fertilizantes, siderurgia e \u00f3leo e g\u00e1s. Ao longo de mais de 60 anos de atua\u00e7\u00e3o, a Associa\u00e7\u00e3o tem contribu\u00eddo de forma consistente para o desenvolvimento da engenharia brasileira e para o avan\u00e7o socioecon\u00f4mico do pa\u00eds.<\/div>\n<div dir=\"auto\"><\/div>\n<div dir=\"auto\">Entre as autoridades presentes estavam a secret\u00e1ria de Desenvolvimento Econ\u00f4mico de Minas Gerais, Milla Correa; o secret\u00e1rio executivo, Bruno Ara\u00fajo; o subsecret\u00e1rio de Liberdade Econ\u00f4mica e Empreendedorismo; a assessora do Invest Minas, Vanessa Moreira; e o ex-subsecret\u00e1rio de Desenvolvimento, Tenente Melo.<\/div>\n<div dir=\"auto\"><\/div>\n<div dir=\"auto\">Para Ita\u00e9rcio Marinho, o momento foi importante para estreitar rela\u00e7\u00f5es e refor\u00e7ar o papel da engenharia no futuro do estado. \u201cMinas Gerais tem uma voca\u00e7\u00e3o industrial muito forte e um enorme potencial de crescimento em setores estrat\u00e9gicos. A engenharia brasileira est\u00e1 pronta para contribuir com esse novo ciclo de investimentos, trazendo efici\u00eancia, inova\u00e7\u00e3o e capacidade de execu\u00e7\u00e3o\u201d, afirma.<\/div>\n<div dir=\"auto\"><\/div>\n<div dir=\"auto\"><\/div>\n<div dir=\"auto\"><strong>Di\u00e1logo institucional<\/strong><\/div>\n<div dir=\"auto\"><\/div>\n<div dir=\"auto\">Ele tamb\u00e9m destacou a relev\u00e2ncia do di\u00e1logo institucional. \u201cEstar pr\u00f3ximo das lideran\u00e7as p\u00fablicas e privadas \u00e9 fundamental para construir solu\u00e7\u00f5es conjuntas. A ABEMI tem esse papel de conectar o setor produtivo \u00e0s agendas de desenvolvimento e de contribuir para que o Brasil aproveite melhor suas oportunidades\u201d, completa.<\/div>\n<div dir=\"auto\">A participa\u00e7\u00e3o na cerim\u00f4nia refor\u00e7a o compromisso da ABEMI com o fortalecimento da engenharia nacional e com a promo\u00e7\u00e3o de um ambiente favor\u00e1vel ao crescimento sustent\u00e1vel em Minas Gerais e em todo o Brasil.<\/div>\n<div dir=\"auto\"><\/div>","protected":false},"excerpt":{"rendered":"<p>A ABEMI participou da cerim\u00f4nia de posse do novo Governador de Minas Gerais, Mateus Sim\u00f5es, refor\u00e7ando sua presen\u00e7a institucional em um dos estados mais estrat\u00e9gicos para a ind\u00fastria e a engenharia no pa\u00eds. Representando a entidade, o Diretor de Rela\u00e7\u00f5es Institucionais, Ita\u00e9rcio Marinho, esteve no evento e teve a oportunidade de dialogar com importantes lideran\u00e7as [&hellip;]<\/p>\n","protected":false},"author":2,"featured_media":14032,"comment_status":"open","ping_status":"open","sticky":false,"template":"","format":"standard","meta":{"site-sidebar-layout":"default","site-content-layout":"","ast-site-content-layout":"default","site-content-style":"default","site-sidebar-style":"default","ast-global-header-display":"","ast-banner-title-visibility":"","ast-main-header-display":"","ast-hfb-above-header-display":"","ast-hfb-below-header-display":"","ast-hfb-mobile-header-display":"","site-post-title":"","ast-breadcrumbs-content":"","ast-featured-img":"","footer-sml-layout":"","theme-transparent-header-meta":"default","adv-header-id-meta":"","stick-header-meta":"","header-above-stick-meta":"","header-main-stick-meta":"","header-below-stick-meta":"","astra-migrate-meta-layouts":"set","ast-page-background-enabled":"default","ast-page-background-meta":{"desktop":{"background-color":"","background-image":"","background-repeat":"repeat","background-position":"center center","background-size":"auto","background-attachment":"scroll","background-type":"","background-media":"","overlay-type":"","overlay-color":"","overlay-opacity":"","overlay-gradient":""},"tablet":{"background-color":"","background-image":"","background-repeat":"repeat","background-position":"center center","background-size":"auto","background-attachment":"scroll","background-type":"","background-media":"","overlay-type":"","overlay-color":"","overlay-opacity":"","overlay-gradient":""},"mobile":{"background-color":"","background-image":"","background-repeat":"repeat","background-position":"center center","background-size":"auto","background-attachment":"scroll","background-type":"","background-media":"","overlay-type":"","overlay-color":"","overlay-opacity":"","overlay-gradient":""}},"ast-content-background-meta":{"desktop":{"background-color":"var(--ast-global-color-5)","background-image":"","background-repeat":"repeat","background-position":"center center","background-size":"auto","background-attachment":"scroll","background-type":"","background-media":"","overlay-type":"","overlay-color":"","overlay-opacity":"","overlay-gradient":""},"tablet":{"background-color":"var(--ast-global-color-5)","background-image":"","background-repeat":"repeat","background-position":"center center","background-size":"auto","background-attachment":"scroll","background-type":"","background-media":"","overlay-type":"","overlay-color":"","overlay-opacity":"","overlay-gradient":""},"mobile":{"background-color":"var(--ast-global-color-5)","background-image":"","background-repeat":"repeat","background-position":"center center","background-size":"auto","background-attachment":"scroll","background-type":"","background-media":"","overlay-type":"","overlay-color":"","overlay-opacity":"","overlay-gradient":""}},"slim_seo":{"title":"ABEMI participa de cerim\u00f4nia de posse do novo Governador de Minas Gerais, Mateus Sim\u00f5es - ABEMI","description":"A ABEMI participou da cerim\u00f4nia de posse do novo Governador de Minas Gerais, Mateus Sim\u00f5es, refor\u00e7ando sua presen\u00e7a institucional em um dos estados mais estrat\u00e9"},"footnotes":""},"categories":[25],"tags":[],"class_list":["post-14031","post","type-post","status-publish","format-standard","has-post-thumbnail","hentry","category-noticias"],"_links":{"self":[{"href":"https:\/\/abemi.org.br\/en\/wp-json\/wp\/v2\/posts\/14031","targetHints":{"allow":["GET"]}}],"collection":[{"href":"https:\/\/abemi.org.br\/en\/wp-json\/wp\/v2\/posts"}],"about":[{"href":"https:\/\/abemi.org.br\/en\/wp-json\/wp\/v2\/types\/post"}],"author":[{"embeddable":true,"href":"https:\/\/abemi.org.br\/en\/wp-json\/wp\/v2\/users\/2"}],"replies":[{"embeddable":true,"href":"https:\/\/abemi.org.br\/en\/wp-json\/wp\/v2\/comments?post=14031"}],"version-history":[{"count":3,"href":"https:\/\/abemi.org.br\/en\/wp-json\/wp\/v2\/posts\/14031\/revisions"}],"predecessor-version":[{"id":14037,"href":"https:\/\/abemi.org.br\/en\/wp-json\/wp\/v2\/posts\/14031\/revisions\/14037"}],"wp:featuredmedia":[{"embeddable":true,"href":"https:\/\/abemi.org.br\/en\/wp-json\/wp\/v2\/media\/14032"}],"wp:attachment":[{"href":"https:\/\/abemi.org.br\/en\/wp-json\/wp\/v2\/media?parent=14031"}],"wp:term":[{"taxonomy":"category","embeddable":true,"href":"https:\/\/abemi.org.br\/en\/wp-json\/wp\/v2\/categories?post=14031"},{"taxonomy":"post_tag","embeddable":true,"href":"https:\/\/abemi.org.br\/en\/wp-json\/wp\/v2\/tags?post=14031"}],"curies":[{"name":"wp","href":"https:\/\/api.w.org\/{rel}","templated":true}]}}