{"id":14102,"date":"2026-04-28T23:36:57","date_gmt":"2026-04-29T02:36:57","guid":{"rendered":"https:\/\/abemi.org.br\/?p=14102"},"modified":"2026-04-28T23:36:57","modified_gmt":"2026-04-29T02:36:57","slug":"comite-energy-from-waste-residuos-promove-webinar-sobre-gestao-de-residuos-e-geracao-de-energia","status":"publish","type":"post","link":"https:\/\/abemi.org.br\/en\/comite-energy-from-waste-residuos-promove-webinar-sobre-gestao-de-residuos-e-geracao-de-energia\/","title":{"rendered":"Comit\u00ea Energy from Waste\/Res\u00edduos promove webinar sobre gest\u00e3o de res\u00edduos e gera\u00e7\u00e3o de energia"},"content":{"rendered":"<p data-start=\"0\" data-end=\"396\">THE <span class=\"hover:entity-accent entity-underline inline cursor-pointer align-baseline\"><span class=\"whitespace-normal\">ABEMI<\/span><\/span> realizou um webinar por meio do seu Comit\u00ea Energy from Waste\/Res\u00edduos para discutir o papel das tecnologias sustent\u00e1veis na gest\u00e3o de res\u00edduos e na gera\u00e7\u00e3o de energia renov\u00e1vel. O encontro reuniu profissionais do setor e destacou caminhos poss\u00edveis para o avan\u00e7o da descarboniza\u00e7\u00e3o no Brasil, com foco em solu\u00e7\u00f5es j\u00e1 aplicadas e em desenvolvimento no pa\u00eds.<\/p>\n<p data-start=\"398\" data-end=\"894\">O webinar foi ministrado por <span class=\"hover:entity-accent entity-underline inline cursor-pointer align-baseline\"><span class=\"whitespace-normal\">Marco Gon\u00e7alves<\/span><\/span>, engenheiro da Aiesse Ambiental, que apresentou experi\u00eancias pr\u00e1ticas e reflex\u00f5es sobre o potencial do segmento. Durante sua exposi\u00e7\u00e3o, ele ressaltou a relev\u00e2ncia crescente do tema: \u201cHoje, mais do que um projeto, a gest\u00e3o de res\u00edduos com gera\u00e7\u00e3o de energia \u00e9 uma necessidade social. Estamos falando de solu\u00e7\u00f5es que impactam diretamente a qualidade de vida das cidades e o futuro energ\u00e9tico\u201d.<\/p>\n<p data-start=\"896\" data-end=\"1264\">O especialista tamb\u00e9m destacou que o Brasil j\u00e1 possui iniciativas importantes, especialmente no aproveitamento energ\u00e9tico de res\u00edduos e na redu\u00e7\u00e3o do envio de materiais para aterros. \u201cExiste um grande potencial de transforma\u00e7\u00e3o, mas isso passa por planejamento, tecnologia e integra\u00e7\u00e3o entre os diversos atores do setor\u201d, afirmou.<\/p>\n<p data-start=\"896\" data-end=\"1264\"><strong>Cria\u00e7\u00e3o de um ecossistema<\/strong><\/p>\n<p data-start=\"896\" data-end=\"1264\"><img fetchpriority=\"high\" decoding=\"async\" class=\"wp-image-14103 alignright\" src=\"https:\/\/abemi.org.br\/wp-content\/uploads\/2026\/04\/abemi-2604282334052-300x168.png\" alt=\"1777423259102\" width=\"349\" height=\"195\" srcset=\"https:\/\/abemi.org.br\/wp-content\/uploads\/2026\/04\/abemi-2604282334052-300x168.png 300w, https:\/\/abemi.org.br\/wp-content\/uploads\/2026\/04\/abemi-2604282334052-1024x573.png 1024w, https:\/\/abemi.org.br\/wp-content\/uploads\/2026\/04\/abemi-2604282334052-768x429.png 768w, https:\/\/abemi.org.br\/wp-content\/uploads\/2026\/04\/abemi-2604282334052-18x10.png 18w, https:\/\/abemi.org.br\/wp-content\/uploads\/2026\/04\/abemi-2604282334052.png 1309w\" sizes=\"(max-width: 349px) 100vw, 349px\" \/><\/p>\n<p data-start=\"1266\" data-end=\"1827\" data-is-last-node=\"\" data-is-only-node=\"\">Al\u00e9m das discuss\u00f5es t\u00e9cnicas, o encontro tamb\u00e9m evidenciou a import\u00e2ncia de ampliar o debate sobre pol\u00edticas p\u00fablicas e modelos de financiamento que viabilizem projetos de maior escala no pa\u00eds. Para Marco Gon\u00e7alves, o avan\u00e7o do setor depende de uma vis\u00e3o integrada: \u201cN\u00e3o se trata apenas de tecnologia, mas de criar um ecossistema que envolva regula\u00e7\u00e3o, investimento e conscientiza\u00e7\u00e3o da sociedade. S\u00f3 assim conseguiremos transformar o potencial dos res\u00edduos em uma fonte relevante de energia e desenvolvimento sustent\u00e1vel\u201d.<\/p>","protected":false},"excerpt":{"rendered":"<p>A ABEMI realizou um webinar por meio do seu Comit\u00ea Energy from Waste\/Res\u00edduos para discutir o papel das tecnologias sustent\u00e1veis na gest\u00e3o de res\u00edduos e na gera\u00e7\u00e3o de energia renov\u00e1vel. O encontro reuniu profissionais do setor e destacou caminhos poss\u00edveis para o avan\u00e7o da descarboniza\u00e7\u00e3o no Brasil, com foco em solu\u00e7\u00f5es j\u00e1 aplicadas e em [&hellip;]<\/p>\n","protected":false},"author":2,"featured_media":14104,"comment_status":"open","ping_status":"open","sticky":false,"template":"","format":"standard","meta":{"site-sidebar-layout":"default","site-content-layout":"","ast-site-content-layout":"default","site-content-style":"default","site-sidebar-style":"default","ast-global-header-display":"","ast-banner-title-visibility":"","ast-main-header-display":"","ast-hfb-above-header-display":"","ast-hfb-below-header-display":"","ast-hfb-mobile-header-display":"","site-post-title":"","ast-breadcrumbs-content":"","ast-featured-img":"","footer-sml-layout":"","theme-transparent-header-meta":"default","adv-header-id-meta":"","stick-header-meta":"","header-above-stick-meta":"","header-main-stick-meta":"","header-below-stick-meta":"","astra-migrate-meta-layouts":"set","ast-page-background-enabled":"default","ast-page-background-meta":{"desktop":{"background-color":"","background-image":"","background-repeat":"repeat","background-position":"center center","background-size":"auto","background-attachment":"scroll","background-type":"","background-media":"","overlay-type":"","overlay-color":"","overlay-opacity":"","overlay-gradient":""},"tablet":{"background-color":"","background-image":"","background-repeat":"repeat","background-position":"center center","background-size":"auto","background-attachment":"scroll","background-type":"","background-media":"","overlay-type":"","overlay-color":"","overlay-opacity":"","overlay-gradient":""},"mobile":{"background-color":"","background-image":"","background-repeat":"repeat","background-position":"center center","background-size":"auto","background-attachment":"scroll","background-type":"","background-media":"","overlay-type":"","overlay-color":"","overlay-opacity":"","overlay-gradient":""}},"ast-content-background-meta":{"desktop":{"background-color":"var(--ast-global-color-5)","background-image":"","background-repeat":"repeat","background-position":"center center","background-size":"auto","background-attachment":"scroll","background-type":"","background-media":"","overlay-type":"","overlay-color":"","overlay-opacity":"","overlay-gradient":""},"tablet":{"background-color":"var(--ast-global-color-5)","background-image":"","background-repeat":"repeat","background-position":"center center","background-size":"auto","background-attachment":"scroll","background-type":"","background-media":"","overlay-type":"","overlay-color":"","overlay-opacity":"","overlay-gradient":""},"mobile":{"background-color":"var(--ast-global-color-5)","background-image":"","background-repeat":"repeat","background-position":"center center","background-size":"auto","background-attachment":"scroll","background-type":"","background-media":"","overlay-type":"","overlay-color":"","overlay-opacity":"","overlay-gradient":""}},"slim_seo":{"title":"Comit\u00ea Energy from Waste\/Res\u00edduos promove webinar sobre gest\u00e3o de res\u00edduos e gera\u00e7\u00e3o de energia - ABEMI","description":"A ABEMI realizou um webinar por meio do seu Comit\u00ea Energy from Waste\/Res\u00edduos para discutir o papel das tecnologias sustent\u00e1veis na gest\u00e3o de res\u00edduos e na gera"},"footnotes":""},"categories":[25],"tags":[],"class_list":["post-14102","post","type-post","status-publish","format-standard","has-post-thumbnail","hentry","category-noticias"],"_links":{"self":[{"href":"https:\/\/abemi.org.br\/en\/wp-json\/wp\/v2\/posts\/14102","targetHints":{"allow":["GET"]}}],"collection":[{"href":"https:\/\/abemi.org.br\/en\/wp-json\/wp\/v2\/posts"}],"about":[{"href":"https:\/\/abemi.org.br\/en\/wp-json\/wp\/v2\/types\/post"}],"author":[{"embeddable":true,"href":"https:\/\/abemi.org.br\/en\/wp-json\/wp\/v2\/users\/2"}],"replies":[{"embeddable":true,"href":"https:\/\/abemi.org.br\/en\/wp-json\/wp\/v2\/comments?post=14102"}],"version-history":[{"count":1,"href":"https:\/\/abemi.org.br\/en\/wp-json\/wp\/v2\/posts\/14102\/revisions"}],"predecessor-version":[{"id":14105,"href":"https:\/\/abemi.org.br\/en\/wp-json\/wp\/v2\/posts\/14102\/revisions\/14105"}],"wp:featuredmedia":[{"embeddable":true,"href":"https:\/\/abemi.org.br\/en\/wp-json\/wp\/v2\/media\/14104"}],"wp:attachment":[{"href":"https:\/\/abemi.org.br\/en\/wp-json\/wp\/v2\/media?parent=14102"}],"wp:term":[{"taxonomy":"category","embeddable":true,"href":"https:\/\/abemi.org.br\/en\/wp-json\/wp\/v2\/categories?post=14102"},{"taxonomy":"post_tag","embeddable":true,"href":"https:\/\/abemi.org.br\/en\/wp-json\/wp\/v2\/tags?post=14102"}],"curies":[{"name":"wp","href":"https:\/\/api.w.org\/{rel}","templated":true}]}}