{"id":7236,"date":"2018-11-22T18:50:17","date_gmt":"2018-11-22T21:50:17","guid":{"rendered":"https:\/\/abemi.sancho.digital\/eolicas-representam-mais-de-10-de-toda-a-energia-gerada-no-brasil-de-acordo-com-a-abeeolica\/"},"modified":"2022-11-09T10:26:35","modified_gmt":"2022-11-09T13:26:35","slug":"eolicas-representam-mais-de-10-de-toda-a-energia-gerada-no-brasil-de-acordo-com-a-abeeolica","status":"publish","type":"post","link":"https:\/\/abemi.org.br\/en\/eolicas-representam-mais-de-10-de-toda-a-energia-gerada-no-brasil-de-acordo-com-a-abeeolica\/","title":{"rendered":"E\u00f3licas representam mais de 10% de toda a energia gerada no Brasil, de acordo com a ABEE\u00f3lica"},"content":{"rendered":"<p>O Brasil acaba de ultrapassar a marca de 14 GW de capacidade instalada de energia e\u00f3lica. S<strong>\u00e3o 14,34 GW em 568 parques e\u00f3licos e mais de 7 mil aerogeradores operando em 12 estados, <\/strong>concentrando a mesma capacidade instalada de Itaipu, que \u00e9 a maior usina hidrel\u00e9trica do Brasil, como informa a Associa\u00e7\u00e3o Brasileira de Energia E\u00f3lica (ABEE\u00f3lica).<\/p>\n<p>\u201cA energia gerada por esses parques e\u00f3licos equivale, hoje, ao consumo residencial m\u00e9dio de cerca de 26 milh\u00f5es de habita\u00e7\u00f5es \u2013 aproximadamente 80 milh\u00f5es de pessoas\u201d, compara Elbia Gannoum, presidente da ABEE\u00f3lica. <strong>Segundo o \u00faltimo Boletim Mensal de Dados do ONS (Operador Nacional do Sistema El\u00e9trico), a energia e\u00f3lica j\u00e1 chega a atender quase 14% do Sistema Interligado Nacional (SIN) <\/strong>\u2013 percentual recorde, alcan\u00e7ado em 19 de setembro \u00faltimo.<\/p>\n<p><strong>Gera\u00e7\u00e3o de empregos e outros benef\u00edcios<\/strong><\/p>\n<p>O volume gerado vem crescendo. De acordo com o boletim InfoMercado da C\u00e2mara de Comercializa\u00e7\u00e3o de Energia El\u00e9trica (CCEE), <strong>as e\u00f3licas geraram, nos primeiros oito meses de 2018, uma quantidade de energia 19% superior ao produzido no mesmo per\u00edodo do ano passado.<\/strong> A CCEE informa, tamb\u00e9m, que no m\u00eas de agosto as usinas e\u00f3licas registraram a maior produ\u00e7\u00e3o de energia da hist\u00f3ria, alcan\u00e7ando <strong>7.017 MW m\u00e9dios. <\/strong>\u201cA produ\u00e7\u00e3o elevou a representatividade da fonte, em 2018, para <strong>11,5% de toda a energia gerada<\/strong> no per\u00edodo pelas usinas do sistema\u201d, destaca Elbia.<\/p>\n<p>De acordo com a Bloomberg New Energy Finance (BNEF) dos <strong>US$ 32 bilh\u00f5es investidos no setor em 10 anos<\/strong>, US$ 3,57 bilh\u00f5es foram aplicados somente em 2017, o que representa <strong>58% dos investimentos feitos em renov\u00e1veis \u2013 solar, e\u00f3lica, biocombust\u00edveis, biomassa e res\u00edduos, PCH, etc.<\/strong> O retorno compensa. \u201cEstimamos que a cada MW sejam gerados 15 postos de trabalho. No ano passado, foram c<strong>erca de 30 mil empregos\u201d<\/strong>, informa a presidente da ABEE\u00f3lica.<\/p>\n<p>A gera\u00e7\u00e3o de empregos vem se somar a uma extensa lista de benef\u00edcios proporcionados pela energia e\u00f3lica, incluindo seu baix\u00edssimo impacto ambiental. Elbia lembra que a energia e\u00f3lica n\u00e3o emite CO<sub>2<\/sub> em sua opera\u00e7\u00e3o, tem um dos melhores custos-benef\u00edcios na tarifa de energia, gera renda por meio do pagamento de arrendamento e permite que os propriet\u00e1rios de terras onde est\u00e3o os aerogeradores tenham outras atividades na mesma \u00e1rea.<\/p>\n<p><strong>Panorama do setor<\/strong><\/p>\n<p>De acordo com a ABEE\u00f3lica, levando em conta leil\u00f5es j\u00e1 realizados e contratos firmados no mercado livre, <strong>o Brasil ter\u00e1 cerca de 18 GW de capacidade instalada de energia e\u00f3lica at\u00e9 2024. Confira outros n\u00fameros relevantes:<\/strong><\/p>\n<ul>\n<li><strong>O Brasil tem 568 parques e\u00f3licos;<\/strong><\/li>\n<li><strong>7 mil aerogeradores operando em 12 estados;<\/strong><\/li>\n<li><strong>S\u00e3o 14,34 GW de capacidade instalada;<\/strong><\/li>\n<li><strong>A gera\u00e7\u00e3o de energia e\u00f3lica atende 14% do SIN;<\/strong><\/li>\n<li><strong>A energia e\u00f3lica corresponde a 11,5% de toda a energia gerada no pa\u00eds.<\/strong><\/li>\n<\/ul>\n<p><strong><em>Editora Conte\u00fado\/Abgail Cardoso<\/em><\/strong><\/p>","protected":false},"excerpt":{"rendered":"<p>O Brasil acaba de ultrapassar a marca de 14 GW de capacidade instalada de energia e\u00f3lica. S\u00e3o 14,34 GW em 568 parques e\u00f3licos e mais de 7 mil aerogeradores operando em 12 estados, concentrando a mesma capacidade instalada de Itaipu, que \u00e9 a maior usina hidrel\u00e9trica do Brasil, como informa a Associa\u00e7\u00e3o Brasileira de Energia [&hellip;]<\/p>\n","protected":false},"author":2,"featured_media":4412,"comment_status":"closed","ping_status":"open","sticky":false,"template":"","format":"standard","meta":{"site-sidebar-layout":"default","site-content-layout":"","ast-site-content-layout":"default","site-content-style":"default","site-sidebar-style":"default","ast-global-header-display":"","ast-banner-title-visibility":"","ast-main-header-display":"","ast-hfb-above-header-display":"","ast-hfb-below-header-display":"","ast-hfb-mobile-header-display":"","site-post-title":"","ast-breadcrumbs-content":"","ast-featured-img":"","footer-sml-layout":"","theme-transparent-header-meta":"","adv-header-id-meta":"","stick-header-meta":"","header-above-stick-meta":"","header-main-stick-meta":"","header-below-stick-meta":"","astra-migrate-meta-layouts":"default","ast-page-background-enabled":"default","ast-page-background-meta":{"desktop":{"background-color":"","background-image":"","background-repeat":"repeat","background-position":"center center","background-size":"auto","background-attachment":"scroll","background-type":"","background-media":"","overlay-type":"","overlay-color":"","overlay-opacity":"","overlay-gradient":""},"tablet":{"background-color":"","background-image":"","background-repeat":"repeat","background-position":"center center","background-size":"auto","background-attachment":"scroll","background-type":"","background-media":"","overlay-type":"","overlay-color":"","overlay-opacity":"","overlay-gradient":""},"mobile":{"background-color":"","background-image":"","background-repeat":"repeat","background-position":"center center","background-size":"auto","background-attachment":"scroll","background-type":"","background-media":"","overlay-type":"","overlay-color":"","overlay-opacity":"","overlay-gradient":""}},"ast-content-background-meta":{"desktop":{"background-color":"var(--ast-global-color-5)","background-image":"","background-repeat":"repeat","background-position":"center center","background-size":"auto","background-attachment":"scroll","background-type":"","background-media":"","overlay-type":"","overlay-color":"","overlay-opacity":"","overlay-gradient":""},"tablet":{"background-color":"var(--ast-global-color-5)","background-image":"","background-repeat":"repeat","background-position":"center center","background-size":"auto","background-attachment":"scroll","background-type":"","background-media":"","overlay-type":"","overlay-color":"","overlay-opacity":"","overlay-gradient":""},"mobile":{"background-color":"var(--ast-global-color-5)","background-image":"","background-repeat":"repeat","background-position":"center center","background-size":"auto","background-attachment":"scroll","background-type":"","background-media":"","overlay-type":"","overlay-color":"","overlay-opacity":"","overlay-gradient":""}},"slim_seo":{"title":"E\u00f3licas representam mais de 10% de toda a energia gerada no Brasil, de acordo com a ABEE\u00f3lica - ABEMI","description":"O Brasil acaba de ultrapassar a marca de 14 GW de capacidade instalada de energia e\u00f3lica. S \u00e3o 14,34 GW em 568 parques e\u00f3licos e mais de 7 mil aerogeradores ope"},"footnotes":""},"categories":[25],"tags":[],"class_list":["post-7236","post","type-post","status-publish","format-standard","has-post-thumbnail","hentry","category-noticias"],"_links":{"self":[{"href":"https:\/\/abemi.org.br\/en\/wp-json\/wp\/v2\/posts\/7236","targetHints":{"allow":["GET"]}}],"collection":[{"href":"https:\/\/abemi.org.br\/en\/wp-json\/wp\/v2\/posts"}],"about":[{"href":"https:\/\/abemi.org.br\/en\/wp-json\/wp\/v2\/types\/post"}],"author":[{"embeddable":true,"href":"https:\/\/abemi.org.br\/en\/wp-json\/wp\/v2\/users\/2"}],"replies":[{"embeddable":true,"href":"https:\/\/abemi.org.br\/en\/wp-json\/wp\/v2\/comments?post=7236"}],"version-history":[{"count":0,"href":"https:\/\/abemi.org.br\/en\/wp-json\/wp\/v2\/posts\/7236\/revisions"}],"wp:featuredmedia":[{"embeddable":true,"href":"https:\/\/abemi.org.br\/en\/wp-json\/wp\/v2\/media\/4412"}],"wp:attachment":[{"href":"https:\/\/abemi.org.br\/en\/wp-json\/wp\/v2\/media?parent=7236"}],"wp:term":[{"taxonomy":"category","embeddable":true,"href":"https:\/\/abemi.org.br\/en\/wp-json\/wp\/v2\/categories?post=7236"},{"taxonomy":"post_tag","embeddable":true,"href":"https:\/\/abemi.org.br\/en\/wp-json\/wp\/v2\/tags?post=7236"}],"curies":[{"name":"wp","href":"https:\/\/api.w.org\/{rel}","templated":true}]}}