{"id":7243,"date":"2018-12-14T17:25:07","date_gmt":"2018-12-14T20:25:07","guid":{"rendered":"https:\/\/abemi.sancho.digital\/empresarios-aplaudem-palestra-de-promotora-em-defesa-do-combate-a-corrupcao\/"},"modified":"2022-11-09T10:26:35","modified_gmt":"2022-11-09T13:26:35","slug":"empresarios-aplaudem-palestra-de-promotora-em-defesa-do-combate-a-corrupcao","status":"publish","type":"post","link":"https:\/\/abemi.org.br\/en\/empresarios-aplaudem-palestra-de-promotora-em-defesa-do-combate-a-corrupcao\/","title":{"rendered":"Empres\u00e1rios aplaudem palestra de promotora em defesa do combate \u00e0 corrup\u00e7\u00e3o"},"content":{"rendered":"<p>Em palestra realizada no audit\u00f3rio da ABEMI, no dia 11 de dezembro, a promotora Luciana Asper y Vald\u00e9s apontou a corrup\u00e7\u00e3o como o maior inimigo do crescimento econ\u00f4mico do Brasil. Diante de uma plateia formada por empres\u00e1rios e altos executivos do setor de engenharia industrial, <strong>ela destacou que o setor produtivo e o Estado t\u00eam de buscar, juntos, caminhos para construir um novo Brasil.<\/strong><\/p>\n<p>Segundo Luciana \u2013 que \u00e9 promotora de justi\u00e7a do Distrito Federal e membro da Comiss\u00e3o de Enfrentamento \u00e0 Corrup\u00e7\u00e3o do Conselho Nacional do Minist\u00e9rio P\u00fablico \u2013, <strong>os programas de compliance precisam promover uma cultura de toler\u00e2ncia zero \u00e0 propina, tanto nas rela\u00e7\u00f5es privadas como nas p\u00fablico-privadas.<\/strong> Ressaltou que \u00e9 preciso enfrentar tudo o que fragiliza a liberdade de decis\u00e3o do empres\u00e1rio, minimizando o poder de poss\u00edveis repres\u00e1lias, de atos de persegui\u00e7\u00e3o por quem foi contrariado com um n\u00e3o.<\/p>\n<p>A promotora lembrou que a corrup\u00e7\u00e3o \u00e9 uma doen\u00e7a incubada h\u00e1 500 anos. \u201c<strong>\u00c9 um problema de todos, com um enfrentamento que precisa vir de todos\u201d,<\/strong> resumiu, observando que, se n\u00e3o tratada, a doen\u00e7a vai continuar matando o empreendedorismo e o desenvolvimento econ\u00f4mico do Brasil. \u201c\u00c9 imposs\u00edvel crescer no terreno da corrup\u00e7\u00e3o sist\u00eamica e end\u00eamica\u201d, refor\u00e7ou.<\/p>\n<p><img decoding=\"async\" class=\"alignnone wp-image-3458\" src=\"https:\/\/abemi.org.br\/wp-content\/uploads\/2022\/11\/ISA9925-scaled.jpg\" alt=\"\" \/><\/p>\n<p><strong>Apoio dos empres\u00e1rios<\/strong><\/p>\n<p>A rea\u00e7\u00e3o plateia foi positiva. Para o presidente da ABEMI, Nelson Romano, a palestra <strong>\u201cPor um Brasil fundado na integridade e proatividade\u201d<\/strong> foi um dos melhores eventos de sua gest\u00e3o frente \u00e0 associa\u00e7\u00e3o. \u201cO assunto \u00e9 t\u00e3o relevante que foi o que atraiu maior p\u00fablico e despertou boas discuss\u00f5es\u201d, afirmou Romano.<\/p>\n<p>Para Rodrigo Silveira, B. Verdelle, advogado de Compliance and Legal Counsel, da Montcalm, a palestra foi brilhante, com um conte\u00fado atual e muito informativo. <strong>\u201cTrouxe muitos exemplos de como a sociedade pode atuar junto com as empresas em busca de um pa\u00eds mais \u00e9tico\u201d, afirmou.<\/strong><\/p>\n<p>Concordou que cumprir as leis e questionar o que est\u00e1 errado \u00e9 dever de todos, considerando que a iniciativa da ABEMI demonstra que a associa\u00e7\u00e3o est\u00e1 em sintonia com o atual momento do pa\u00eds e das empresas associadas. \u201c<strong>Este \u00e9 o momento de reagir e implantar novas posturas nas empresas de engenharia, adotando amplamente os conceitos de compliance, para que haja a retomada na constru\u00e7\u00e3o de um novo Brasil\u201d,<\/strong> refor\u00e7ou.<\/p>\n<p>&nbsp;<\/p>\n<p><strong>\u00c9tica e transpar\u00eancia<\/strong><\/p>\n<p>A palestra foi elogiada, tamb\u00e9m, por Marcia Resende, assistente de compliance da Doris Engenharia. \u201cO tema da luta contra a corrup\u00e7\u00e3o \u00e9 um dos mais cr\u00edticos e importantes a serem discutidos atualmente, principalmente pelas autoridades governamentais e empres\u00e1rios, pelos setores p\u00fablico e privado\u201d, afirmou.<\/p>\n<p>Segundo ela, a promotora mostrou que um programa robusto de governan\u00e7a e compliance \u00e9 um dos principais caminhos para a liberta\u00e7\u00e3o do ecossistema da propina e da corrup\u00e7\u00e3o. \u201cMas, antes de tudo, \u00e9 preciso acreditar que \u00e9 poss\u00edvel conquistar essa liberdade\u201d, lembrou.<\/p>\n<p>Na avalia\u00e7\u00e3o de Marcia Resende, Luciana atingiu seu objetivo maior, de renovar as esperan\u00e7as em um Brasil livre de corrup\u00e7\u00e3o a partir da participa\u00e7\u00e3o ativa de cada um. <strong>\u201cMais do que o aprendizado e a experi\u00eancia, levamos da palestra a renova\u00e7\u00e3o da cren\u00e7a em um pa\u00eds melhor no futuro\u201d, concluiu.<\/strong><\/p>\n<p>&nbsp;<\/p>\n<p><img decoding=\"async\" class=\"alignnone wp-image-3459\" src=\"https:\/\/abemi.org.br\/wp-content\/uploads\/2022\/11\/ISA9963-scaled.jpg\" alt=\"\" \/><\/p>\n<p>Com ela concorda Rafael Lima, da Toyo Setal. Segundo ele, a promotora <strong>\u201ctrouxe um panorama que nos d\u00e1 \u00e2nimo, pois podemos vislumbrar um Brasil pautado na \u00e9tica e transpar\u00eancia nos neg\u00f3cios\u201d.<\/strong> Ele classificou a iniciativa da ABEMI, ao promover a palestra, como um trabalho essencial. \u201cNos permitiu estar perto do Minist\u00e9rio P\u00fablico para debater um assunto t\u00e3o sens\u00edvel e importante para o futuro dos neg\u00f3cios no nosso setor e da sociedade como um todo\u201d, destacou.<\/p>\n<p>Para a chief compliance officer da Niplan, Noemia Albiero, a ABEMI est\u00e1 de parab\u00e9ns por promover encontros relativos ao tema compliance. <strong>\u201c\u00c9 um assunto de suma import\u00e2ncia para todos, sobretudo para o nosso setor, que foi t\u00e3o prejudicado pelas pr\u00e1ticas de corrup\u00e7\u00e3o.<\/strong> Tenho certeza de que com essas orienta\u00e7\u00f5es estamos trilhando no caminho certo para termos um Brasil melhor, um mundo melhor.\u201d<\/p>\n<p>Sobre a palestra, Noemia destaca \u201ca riqueza de informa\u00e7\u00f5es sobre o pa\u00eds e as ideias de projetos e a\u00e7\u00f5es simples que podemos fazer visando \u00e0 conscientiza\u00e7\u00e3o n\u00e3o s\u00f3 desse p\u00fablico atual, mas tamb\u00e9m daquele que nos suceder\u00e1, de modo a combater esse mal terr\u00edvel, que \u00e9 a corrup\u00e7\u00e3o\u201d.<\/p>\n<p><strong><em>Editora Conte\u00fado\/Abgail Cardoso<\/em><\/strong><\/p>\n<p>&nbsp;<\/p>","protected":false},"excerpt":{"rendered":"<p>Em palestra realizada no audit\u00f3rio da ABEMI, no dia 11 de dezembro, a promotora Luciana Asper y Vald\u00e9s apontou a corrup\u00e7\u00e3o como o maior inimigo do crescimento econ\u00f4mico do Brasil. Diante de uma plateia formada por empres\u00e1rios e altos executivos do setor de engenharia industrial, ela destacou que o setor produtivo e o Estado t\u00eam [&hellip;]<\/p>\n","protected":false},"author":2,"featured_media":7244,"comment_status":"closed","ping_status":"open","sticky":false,"template":"","format":"standard","meta":{"site-sidebar-layout":"default","site-content-layout":"","ast-site-content-layout":"default","site-content-style":"default","site-sidebar-style":"default","ast-global-header-display":"","ast-banner-title-visibility":"","ast-main-header-display":"","ast-hfb-above-header-display":"","ast-hfb-below-header-display":"","ast-hfb-mobile-header-display":"","site-post-title":"","ast-breadcrumbs-content":"","ast-featured-img":"","footer-sml-layout":"","theme-transparent-header-meta":"","adv-header-id-meta":"","stick-header-meta":"","header-above-stick-meta":"","header-main-stick-meta":"","header-below-stick-meta":"","astra-migrate-meta-layouts":"default","ast-page-background-enabled":"default","ast-page-background-meta":{"desktop":{"background-color":"","background-image":"","background-repeat":"repeat","background-position":"center center","background-size":"auto","background-attachment":"scroll","background-type":"","background-media":"","overlay-type":"","overlay-color":"","overlay-opacity":"","overlay-gradient":""},"tablet":{"background-color":"","background-image":"","background-repeat":"repeat","background-position":"center center","background-size":"auto","background-attachment":"scroll","background-type":"","background-media":"","overlay-type":"","overlay-color":"","overlay-opacity":"","overlay-gradient":""},"mobile":{"background-color":"","background-image":"","background-repeat":"repeat","background-position":"center center","background-size":"auto","background-attachment":"scroll","background-type":"","background-media":"","overlay-type":"","overlay-color":"","overlay-opacity":"","overlay-gradient":""}},"ast-content-background-meta":{"desktop":{"background-color":"var(--ast-global-color-5)","background-image":"","background-repeat":"repeat","background-position":"center center","background-size":"auto","background-attachment":"scroll","background-type":"","background-media":"","overlay-type":"","overlay-color":"","overlay-opacity":"","overlay-gradient":""},"tablet":{"background-color":"var(--ast-global-color-5)","background-image":"","background-repeat":"repeat","background-position":"center center","background-size":"auto","background-attachment":"scroll","background-type":"","background-media":"","overlay-type":"","overlay-color":"","overlay-opacity":"","overlay-gradient":""},"mobile":{"background-color":"var(--ast-global-color-5)","background-image":"","background-repeat":"repeat","background-position":"center center","background-size":"auto","background-attachment":"scroll","background-type":"","background-media":"","overlay-type":"","overlay-color":"","overlay-opacity":"","overlay-gradient":""}},"slim_seo":{"title":"Empres\u00e1rios aplaudem palestra de promotora em defesa do combate \u00e0 corrup\u00e7\u00e3o - ABEMI","description":"Em palestra realizada no audit\u00f3rio da ABEMI, no dia 11 de dezembro, a promotora Luciana Asper y Vald\u00e9s apontou a corrup\u00e7\u00e3o como o maior inimigo do crescimento e"},"footnotes":""},"categories":[25],"tags":[],"class_list":["post-7243","post","type-post","status-publish","format-standard","has-post-thumbnail","hentry","category-noticias"],"_links":{"self":[{"href":"https:\/\/abemi.org.br\/en\/wp-json\/wp\/v2\/posts\/7243","targetHints":{"allow":["GET"]}}],"collection":[{"href":"https:\/\/abemi.org.br\/en\/wp-json\/wp\/v2\/posts"}],"about":[{"href":"https:\/\/abemi.org.br\/en\/wp-json\/wp\/v2\/types\/post"}],"author":[{"embeddable":true,"href":"https:\/\/abemi.org.br\/en\/wp-json\/wp\/v2\/users\/2"}],"replies":[{"embeddable":true,"href":"https:\/\/abemi.org.br\/en\/wp-json\/wp\/v2\/comments?post=7243"}],"version-history":[{"count":0,"href":"https:\/\/abemi.org.br\/en\/wp-json\/wp\/v2\/posts\/7243\/revisions"}],"wp:featuredmedia":[{"embeddable":true,"href":"https:\/\/abemi.org.br\/en\/wp-json\/wp\/v2\/media\/7244"}],"wp:attachment":[{"href":"https:\/\/abemi.org.br\/en\/wp-json\/wp\/v2\/media?parent=7243"}],"wp:term":[{"taxonomy":"category","embeddable":true,"href":"https:\/\/abemi.org.br\/en\/wp-json\/wp\/v2\/categories?post=7243"},{"taxonomy":"post_tag","embeddable":true,"href":"https:\/\/abemi.org.br\/en\/wp-json\/wp\/v2\/tags?post=7243"}],"curies":[{"name":"wp","href":"https:\/\/api.w.org\/{rel}","templated":true}]}}