{"id":7273,"date":"2019-04-25T18:52:51","date_gmt":"2019-04-25T21:52:51","guid":{"rendered":"https:\/\/abemi.sancho.digital\/senai-elabora-curso-de-montagem-de-estruturas-metalicas-em-parceria-com-a-abemi\/"},"modified":"2022-11-09T10:26:35","modified_gmt":"2022-11-09T13:26:35","slug":"senai-elabora-curso-de-montagem-de-estruturas-metalicas-em-parceria-com-a-abemi","status":"publish","type":"post","link":"https:\/\/abemi.org.br\/en\/senai-elabora-curso-de-montagem-de-estruturas-metalicas-em-parceria-com-a-abemi\/","title":{"rendered":"SENAI elabora curso de montagem de estruturas met\u00e1licas em parceria com a ABEMI"},"content":{"rendered":"<p>A pedido da <strong>ABEMI (Associa\u00e7\u00e3o Brasileira de Engenharia Industrial)<\/strong>, o SENAI vai formatar cursos para a capacita\u00e7\u00e3o de m\u00e3o de obra visando melhorar a produtividade nos canteiros. A demanda foi apresentada pelo diretor de Montagem e Manuten\u00e7\u00e3o da ABEMI, Oscar Simonsen J\u00fanior, ao diretor regional do SENAI, Ricardo Figueiredo Terra, no in\u00edcio deste ano, em reuni\u00e3o na FIESP.<\/p>\n<p><strong>\u201cAjudar a melhorar a produtividade \u00e9 uma das prioridades estrat\u00e9gicas da nova diretoria da ABEMI\u201d,<\/strong> diz Lu\u00eds Fernando Bertolo, da \u00e1rea de RH da Montcalm. O primeiro curso destina-se a montadores de estruturas met\u00e1licas e em breve estar\u00e1 \u00e0 disposi\u00e7\u00e3o das empresas associadas. O conte\u00fado foi definido com a participa\u00e7\u00e3o de profissionais de cinco empresas &#8211; Montcalm, Niplan, OAS, Toyo Setal e MIP -, que apresentaram as necessidades aos especialistas do SENAI.<\/p>\n<p><strong>Aperfei\u00e7oamento profissional<\/strong><\/p>\n<p>Al\u00e9m de aspectos t\u00e9cnicos sobre c\u00e1lculos matem\u00e1ticos, formas geom\u00e9tricas, tra\u00e7agem e desenho t\u00e9cnico, o curso vai enfatizar quest\u00f5es relacionadas ao uso de equipamentos de prote\u00e7\u00e3o individual, riscos operacionais e ambientais e metodologias, como an\u00e1lise de riscos.<\/p>\n<p>\u201cO curso ter\u00e1 80 horas e \u00e9 destinado ao aperfei\u00e7oamento profissional de quem j\u00e1 trabalha na \u00e1rea de montagem de estruturas met\u00e1licas, vai ajudar a reduzir o retrabalho e os riscos nas obras e a melhorar a empregabilidade desses profissionais\u201d, afirma a supervisora de Avalia\u00e7\u00e3o Educacional do SENAI, C\u00e1ssia Cruz. Segundo Lu\u00eds Fernando, ABEMI e SENAI ainda v\u00e3o definir como o curso ser\u00e1 disponibilizado.<\/p>\n<p><strong><em>Editora Conte\u00fado\/Abgail Cardoso<\/em><\/strong><\/p>\n<p>&nbsp;<\/p>\n<p>&nbsp;<\/p>\n<p>&nbsp;<\/p>","protected":false},"excerpt":{"rendered":"<p>A pedido da ABEMI (Associa\u00e7\u00e3o Brasileira de Engenharia Industrial), o SENAI vai formatar cursos para a capacita\u00e7\u00e3o de m\u00e3o de obra visando melhorar a produtividade nos canteiros. A demanda foi apresentada pelo diretor de Montagem e Manuten\u00e7\u00e3o da ABEMI, Oscar Simonsen J\u00fanior, ao diretor regional do SENAI, Ricardo Figueiredo Terra, no in\u00edcio deste ano, em [&hellip;]<\/p>\n","protected":false},"author":2,"featured_media":4457,"comment_status":"closed","ping_status":"open","sticky":false,"template":"","format":"standard","meta":{"site-sidebar-layout":"default","site-content-layout":"","ast-site-content-layout":"default","site-content-style":"default","site-sidebar-style":"default","ast-global-header-display":"","ast-banner-title-visibility":"","ast-main-header-display":"","ast-hfb-above-header-display":"","ast-hfb-below-header-display":"","ast-hfb-mobile-header-display":"","site-post-title":"","ast-breadcrumbs-content":"","ast-featured-img":"","footer-sml-layout":"","theme-transparent-header-meta":"","adv-header-id-meta":"","stick-header-meta":"","header-above-stick-meta":"","header-main-stick-meta":"","header-below-stick-meta":"","astra-migrate-meta-layouts":"default","ast-page-background-enabled":"default","ast-page-background-meta":{"desktop":{"background-color":"","background-image":"","background-repeat":"repeat","background-position":"center center","background-size":"auto","background-attachment":"scroll","background-type":"","background-media":"","overlay-type":"","overlay-color":"","overlay-opacity":"","overlay-gradient":""},"tablet":{"background-color":"","background-image":"","background-repeat":"repeat","background-position":"center center","background-size":"auto","background-attachment":"scroll","background-type":"","background-media":"","overlay-type":"","overlay-color":"","overlay-opacity":"","overlay-gradient":""},"mobile":{"background-color":"","background-image":"","background-repeat":"repeat","background-position":"center center","background-size":"auto","background-attachment":"scroll","background-type":"","background-media":"","overlay-type":"","overlay-color":"","overlay-opacity":"","overlay-gradient":""}},"ast-content-background-meta":{"desktop":{"background-color":"var(--ast-global-color-5)","background-image":"","background-repeat":"repeat","background-position":"center center","background-size":"auto","background-attachment":"scroll","background-type":"","background-media":"","overlay-type":"","overlay-color":"","overlay-opacity":"","overlay-gradient":""},"tablet":{"background-color":"var(--ast-global-color-5)","background-image":"","background-repeat":"repeat","background-position":"center center","background-size":"auto","background-attachment":"scroll","background-type":"","background-media":"","overlay-type":"","overlay-color":"","overlay-opacity":"","overlay-gradient":""},"mobile":{"background-color":"var(--ast-global-color-5)","background-image":"","background-repeat":"repeat","background-position":"center center","background-size":"auto","background-attachment":"scroll","background-type":"","background-media":"","overlay-type":"","overlay-color":"","overlay-opacity":"","overlay-gradient":""}},"slim_seo":{"title":"SENAI elabora curso de montagem de estruturas met\u00e1licas em parceria com a ABEMI - ABEMI","description":"A pedido da ABEMI (Associa\u00e7\u00e3o Brasileira de Engenharia Industrial) , o SENAI vai formatar cursos para a capacita\u00e7\u00e3o de m\u00e3o de obra visando melhorar a produtivid"},"footnotes":""},"categories":[25],"tags":[],"class_list":["post-7273","post","type-post","status-publish","format-standard","has-post-thumbnail","hentry","category-noticias"],"_links":{"self":[{"href":"https:\/\/abemi.org.br\/en\/wp-json\/wp\/v2\/posts\/7273","targetHints":{"allow":["GET"]}}],"collection":[{"href":"https:\/\/abemi.org.br\/en\/wp-json\/wp\/v2\/posts"}],"about":[{"href":"https:\/\/abemi.org.br\/en\/wp-json\/wp\/v2\/types\/post"}],"author":[{"embeddable":true,"href":"https:\/\/abemi.org.br\/en\/wp-json\/wp\/v2\/users\/2"}],"replies":[{"embeddable":true,"href":"https:\/\/abemi.org.br\/en\/wp-json\/wp\/v2\/comments?post=7273"}],"version-history":[{"count":0,"href":"https:\/\/abemi.org.br\/en\/wp-json\/wp\/v2\/posts\/7273\/revisions"}],"wp:featuredmedia":[{"embeddable":true,"href":"https:\/\/abemi.org.br\/en\/wp-json\/wp\/v2\/media\/4457"}],"wp:attachment":[{"href":"https:\/\/abemi.org.br\/en\/wp-json\/wp\/v2\/media?parent=7273"}],"wp:term":[{"taxonomy":"category","embeddable":true,"href":"https:\/\/abemi.org.br\/en\/wp-json\/wp\/v2\/categories?post=7273"},{"taxonomy":"post_tag","embeddable":true,"href":"https:\/\/abemi.org.br\/en\/wp-json\/wp\/v2\/tags?post=7273"}],"curies":[{"name":"wp","href":"https:\/\/api.w.org\/{rel}","templated":true}]}}