{"id":7280,"date":"2019-05-27T14:12:14","date_gmt":"2019-05-27T17:12:14","guid":{"rendered":"https:\/\/abemi.sancho.digital\/abemi-comemora-55-anos-confiante-na-retomada-do-setor-de-infraestrutura-no-brasil\/"},"modified":"2022-11-09T10:26:35","modified_gmt":"2022-11-09T13:26:35","slug":"abemi-comemora-55-anos-confiante-na-retomada-do-setor-de-infraestrutura-no-brasil","status":"publish","type":"post","link":"https:\/\/abemi.org.br\/en\/abemi-comemora-55-anos-confiante-na-retomada-do-setor-de-infraestrutura-no-brasil\/","title":{"rendered":"ABEMI comemora 55 anos confiante na retomada do setor de infraestrutura no Brasil"},"content":{"rendered":"<p>\u00c9 com muito orgulho e satisfa\u00e7\u00e3o que comemoramos os 55 anos de funda\u00e7\u00e3o da <strong>ABEMI (Associa\u00e7\u00e3o Brasileira de Engenharia Industrial),<\/strong> que re\u00fane as principais empresas de engenharia industrial do pa\u00eds. Elas atuam em setores importantes para a economia e para a gera\u00e7\u00e3o de empregos, como \u00f3leo e g\u00e1s, minera\u00e7\u00e3o e siderurgia, papel e celulose, qu\u00edmica e petroqu\u00edmica, energia e infraestrutura.<\/p>\n<p>Criada por um grupo de 12 empresas que enxergaram \u00e0 frente de seu tempo, a <strong>ABEMI<\/strong> desempenhou nesse per\u00edodo um papel relevante para alavancar o conhecimento e a competitividade da engenharia industrial, al\u00e9m de defender os interesses e representar institucionalmente o setor perante o governo e \u00f3rg\u00e3os p\u00fablicos.<\/p>\n<p>Nosso passado apresentou grandes desafios, que soubemos superar com esfor\u00e7o e trabalho. Com energia e dinamismo, soubemos sempre nos reinventar para acompanhar as transforma\u00e7\u00f5es no mundo dos neg\u00f3cios e na sociedade. Agora, focados em transpar\u00eancia, produtividade, competitividade e inova\u00e7\u00e3o, estamos confiantes e preparados para as novas demandas que se apresentam.<\/p>\n<p>Com ampla participa\u00e7\u00e3o das associadas em grupos t\u00e9cnicos e de estudo, comiss\u00f5es, estamos empenhados em construir as bases para as pr\u00f3ximas d\u00e9cadas e, assim, manter a <strong>ABEMI<\/strong> e a engenharia brasileira fortes e relevantes para a gera\u00e7\u00e3o de neg\u00f3cios e empregos e competitivas no cen\u00e1rio internacional.<br \/>\nComemore conosco essa importante data para a ABEMI. <strong>Junte-se a n\u00f3s nessa trajet\u00f3ria e venha construir o futuro conosco.<\/strong><\/p>\n<p>Veja nosso v\u00eddeo institucional:<a href=\"https:\/\/www.youtube.com\/watch?v=EqGiOgE8hBI\">https:\/\/www.youtube.com\/watch?v=EqGiOgE8hBI<\/a><\/p>\n<p>&nbsp;<\/p>\n<p><em><strong>Gabriel Aidar Abouchar, Diretor-presidente da ABEMI<\/strong><\/em><\/p>","protected":false},"excerpt":{"rendered":"<p>\u00c9 com muito orgulho e satisfa\u00e7\u00e3o que comemoramos os 55 anos de funda\u00e7\u00e3o da ABEMI (Associa\u00e7\u00e3o Brasileira de Engenharia Industrial), que re\u00fane as principais empresas de engenharia industrial do pa\u00eds. Elas atuam em setores importantes para a economia e para a gera\u00e7\u00e3o de empregos, como \u00f3leo e g\u00e1s, minera\u00e7\u00e3o e siderurgia, papel e celulose, qu\u00edmica [&hellip;]<\/p>\n","protected":false},"author":2,"featured_media":4464,"comment_status":"closed","ping_status":"open","sticky":false,"template":"","format":"standard","meta":{"site-sidebar-layout":"default","site-content-layout":"","ast-site-content-layout":"default","site-content-style":"default","site-sidebar-style":"default","ast-global-header-display":"","ast-banner-title-visibility":"","ast-main-header-display":"","ast-hfb-above-header-display":"","ast-hfb-below-header-display":"","ast-hfb-mobile-header-display":"","site-post-title":"","ast-breadcrumbs-content":"","ast-featured-img":"","footer-sml-layout":"","theme-transparent-header-meta":"","adv-header-id-meta":"","stick-header-meta":"","header-above-stick-meta":"","header-main-stick-meta":"","header-below-stick-meta":"","astra-migrate-meta-layouts":"default","ast-page-background-enabled":"default","ast-page-background-meta":{"desktop":{"background-color":"","background-image":"","background-repeat":"repeat","background-position":"center center","background-size":"auto","background-attachment":"scroll","background-type":"","background-media":"","overlay-type":"","overlay-color":"","overlay-opacity":"","overlay-gradient":""},"tablet":{"background-color":"","background-image":"","background-repeat":"repeat","background-position":"center center","background-size":"auto","background-attachment":"scroll","background-type":"","background-media":"","overlay-type":"","overlay-color":"","overlay-opacity":"","overlay-gradient":""},"mobile":{"background-color":"","background-image":"","background-repeat":"repeat","background-position":"center center","background-size":"auto","background-attachment":"scroll","background-type":"","background-media":"","overlay-type":"","overlay-color":"","overlay-opacity":"","overlay-gradient":""}},"ast-content-background-meta":{"desktop":{"background-color":"var(--ast-global-color-5)","background-image":"","background-repeat":"repeat","background-position":"center center","background-size":"auto","background-attachment":"scroll","background-type":"","background-media":"","overlay-type":"","overlay-color":"","overlay-opacity":"","overlay-gradient":""},"tablet":{"background-color":"var(--ast-global-color-5)","background-image":"","background-repeat":"repeat","background-position":"center center","background-size":"auto","background-attachment":"scroll","background-type":"","background-media":"","overlay-type":"","overlay-color":"","overlay-opacity":"","overlay-gradient":""},"mobile":{"background-color":"var(--ast-global-color-5)","background-image":"","background-repeat":"repeat","background-position":"center center","background-size":"auto","background-attachment":"scroll","background-type":"","background-media":"","overlay-type":"","overlay-color":"","overlay-opacity":"","overlay-gradient":""}},"slim_seo":{"title":"ABEMI comemora 55 anos confiante na retomada do setor de infraestrutura no Brasil - ABEMI","description":"\u00c9 com muito orgulho e satisfa\u00e7\u00e3o que comemoramos os 55 anos de funda\u00e7\u00e3o da ABEMI (Associa\u00e7\u00e3o Brasileira de Engenharia Industrial), que re\u00fane as principais empre"},"footnotes":""},"categories":[25],"tags":[],"class_list":["post-7280","post","type-post","status-publish","format-standard","has-post-thumbnail","hentry","category-noticias"],"_links":{"self":[{"href":"https:\/\/abemi.org.br\/en\/wp-json\/wp\/v2\/posts\/7280","targetHints":{"allow":["GET"]}}],"collection":[{"href":"https:\/\/abemi.org.br\/en\/wp-json\/wp\/v2\/posts"}],"about":[{"href":"https:\/\/abemi.org.br\/en\/wp-json\/wp\/v2\/types\/post"}],"author":[{"embeddable":true,"href":"https:\/\/abemi.org.br\/en\/wp-json\/wp\/v2\/users\/2"}],"replies":[{"embeddable":true,"href":"https:\/\/abemi.org.br\/en\/wp-json\/wp\/v2\/comments?post=7280"}],"version-history":[{"count":0,"href":"https:\/\/abemi.org.br\/en\/wp-json\/wp\/v2\/posts\/7280\/revisions"}],"wp:featuredmedia":[{"embeddable":true,"href":"https:\/\/abemi.org.br\/en\/wp-json\/wp\/v2\/media\/4464"}],"wp:attachment":[{"href":"https:\/\/abemi.org.br\/en\/wp-json\/wp\/v2\/media?parent=7280"}],"wp:term":[{"taxonomy":"category","embeddable":true,"href":"https:\/\/abemi.org.br\/en\/wp-json\/wp\/v2\/categories?post=7280"},{"taxonomy":"post_tag","embeddable":true,"href":"https:\/\/abemi.org.br\/en\/wp-json\/wp\/v2\/tags?post=7280"}],"curies":[{"name":"wp","href":"https:\/\/api.w.org\/{rel}","templated":true}]}}