{"id":7297,"date":"2019-08-02T14:07:31","date_gmt":"2019-08-02T17:07:31","guid":{"rendered":"https:\/\/abemi.sancho.digital\/governo-lanca-em-agosto-o-pro-infra-programa-para-estimular-o-investimento-privado-em-infraestrutura-no-brasil\/"},"modified":"2022-11-09T10:26:35","modified_gmt":"2022-11-09T13:26:35","slug":"governo-lanca-em-agosto-o-pro-infra-programa-para-estimular-o-investimento-privado-em-infraestrutura-no-brasil","status":"publish","type":"post","link":"https:\/\/abemi.org.br\/en\/governo-lanca-em-agosto-o-pro-infra-programa-para-estimular-o-investimento-privado-em-infraestrutura-no-brasil\/","title":{"rendered":"Governo lan\u00e7a o Pr\u00f3-Infra para estimular o investimento privado em infraestrutura no Brasil"},"content":{"rendered":"<p style=\"text-align: justify; margin: 22.5pt 9.0pt 22.5pt 9.0pt;\"><span style=\"font-family: 'Arial',sans-serif; color: #666666;\">O Governo Federal<\/span><span style=\"font-family: 'Arial',sans-serif; color: #666666;\"> lan\u00e7ou no in\u00edcio de agosto, em S\u00e3o Paulo, o Pr\u00f3-Infra, programa destinado a estimular o investimento privado em infraestrutura<\/span><span style=\"font-family: 'Arial',sans-serif; color: #666666;\"> no Brasil, com o objetivo de elevar os aportes em infraestrutura c<\/span><span style=\"font-family: 'Arial',sans-serif; color: #666666;\">omo propor\u00e7\u00e3o do PIB d<\/span><span style=\"font-family: 'Arial',sans-serif; color: #666666;\">e 1,6% para 3,8% at\u00e9 2022.<\/span><\/p>\n<p style=\"text-align: justify; font-variant-ligatures: normal; font-variant-caps: normal; orphans: 2; widows: 2; -webkit-text-stroke-width: 0px; text-decoration-style: initial; text-decoration-color: initial; word-spacing: 0px; margin: 22.5pt 9.0pt 22.5pt 9.0pt;\"><span style=\"font-family: 'Arial',sans-serif; color: #666666;\">Uma segunda meta do programa \u00e9 elevar o estoque de investimento em infraestrutura<\/span><span style=\"font-family: 'Arial',sans-serif; color: #666666;\">, de 36% para 38% do PIB. H\u00e1 ainda um terceiro objetivo: fazer o Brasil subir 10 posi\u00e7\u00f5es em ranking global de competitividade, feito pelo F\u00f3rum Econ\u00f4mico Mundial, de 81\u00ba para 71\u00ba.<\/span><\/p>\n<p style=\"text-align: justify; font-variant-ligatures: normal; font-variant-caps: normal; orphans: 2; widows: 2; -webkit-text-stroke-width: 0px; text-decoration-style: initial; text-decoration-color: initial; word-spacing: 0px; margin: 22.5pt 9.0pt 22.5pt 9.0pt;\"><span style=\"font-family: 'Arial',sans-serif; color: #666666;\">O programa vai se basear em tr\u00eas pilares: <\/span><\/p>\n<ul>\n<li style=\"text-align: justify; font-variant-ligatures: normal; font-variant-caps: normal; orphans: 2; widows: 2; -webkit-text-stroke-width: 0px; text-decoration-style: initial; text-decoration-color: initial; word-spacing: 0px;\"><span style=\"font-family: 'Arial',sans-serif; color: #666666;\"><strong>reduzir a participa\u00e7\u00e3o dos recursos p\u00fablicos nos investimentos, a partir de um aumento da import\u00e2ncia dos recursos privados; <\/strong><\/span><\/li>\n<li style=\"text-align: justify; font-variant-ligatures: normal; font-variant-caps: normal; orphans: 2; widows: 2; -webkit-text-stroke-width: 0px; text-decoration-style: initial; text-decoration-color: initial; word-spacing: 0px;\"><span style=\"font-family: 'Arial',sans-serif; color: #666666;\"><strong>desenhar os mercados setoriais, para que o ambiente seja adequado e o retorno social seja maior; <\/strong><\/span><\/li>\n<li style=\"text-align: justify; font-variant-ligatures: normal; font-variant-caps: normal; orphans: 2; widows: 2; -webkit-text-stroke-width: 0px; text-decoration-style: initial; text-decoration-color: initial; word-spacing: 0px;\"><span style=\"font-family: 'Arial',sans-serif; color: #666666;\"><strong>e fazer um planejamento de longo prazo claro, est\u00e1vel e intersetorial, com foco em efici\u00eancia econ\u00f4mica.<\/strong><\/span><\/li>\n<\/ul>\n<p><em><strong>Reda\u00e7\u00e3o<\/strong><\/em><\/p>\n<p style=\"text-align: justify; margin: 22.5pt 9.0pt 22.5pt 9.0pt;\"><span style=\"font-family: 'Arial',sans-serif; color: #666666;\">\u00a0<\/span><\/p>","protected":false},"excerpt":{"rendered":"<p>O Governo Federal lan\u00e7ou no in\u00edcio de agosto, em S\u00e3o Paulo, o Pr\u00f3-Infra, programa destinado a estimular o investimento privado em infraestrutura no Brasil, com o objetivo de elevar os aportes em infraestrutura como propor\u00e7\u00e3o do PIB de 1,6% para 3,8% at\u00e9 2022. Uma segunda meta do programa \u00e9 elevar o estoque de investimento em [&hellip;]<\/p>\n","protected":false},"author":2,"featured_media":4495,"comment_status":"closed","ping_status":"open","sticky":false,"template":"","format":"standard","meta":{"site-sidebar-layout":"default","site-content-layout":"","ast-site-content-layout":"default","site-content-style":"default","site-sidebar-style":"default","ast-global-header-display":"","ast-banner-title-visibility":"","ast-main-header-display":"","ast-hfb-above-header-display":"","ast-hfb-below-header-display":"","ast-hfb-mobile-header-display":"","site-post-title":"","ast-breadcrumbs-content":"","ast-featured-img":"","footer-sml-layout":"","theme-transparent-header-meta":"","adv-header-id-meta":"","stick-header-meta":"","header-above-stick-meta":"","header-main-stick-meta":"","header-below-stick-meta":"","astra-migrate-meta-layouts":"default","ast-page-background-enabled":"default","ast-page-background-meta":{"desktop":{"background-color":"","background-image":"","background-repeat":"repeat","background-position":"center center","background-size":"auto","background-attachment":"scroll","background-type":"","background-media":"","overlay-type":"","overlay-color":"","overlay-opacity":"","overlay-gradient":""},"tablet":{"background-color":"","background-image":"","background-repeat":"repeat","background-position":"center center","background-size":"auto","background-attachment":"scroll","background-type":"","background-media":"","overlay-type":"","overlay-color":"","overlay-opacity":"","overlay-gradient":""},"mobile":{"background-color":"","background-image":"","background-repeat":"repeat","background-position":"center center","background-size":"auto","background-attachment":"scroll","background-type":"","background-media":"","overlay-type":"","overlay-color":"","overlay-opacity":"","overlay-gradient":""}},"ast-content-background-meta":{"desktop":{"background-color":"var(--ast-global-color-5)","background-image":"","background-repeat":"repeat","background-position":"center center","background-size":"auto","background-attachment":"scroll","background-type":"","background-media":"","overlay-type":"","overlay-color":"","overlay-opacity":"","overlay-gradient":""},"tablet":{"background-color":"var(--ast-global-color-5)","background-image":"","background-repeat":"repeat","background-position":"center center","background-size":"auto","background-attachment":"scroll","background-type":"","background-media":"","overlay-type":"","overlay-color":"","overlay-opacity":"","overlay-gradient":""},"mobile":{"background-color":"var(--ast-global-color-5)","background-image":"","background-repeat":"repeat","background-position":"center center","background-size":"auto","background-attachment":"scroll","background-type":"","background-media":"","overlay-type":"","overlay-color":"","overlay-opacity":"","overlay-gradient":""}},"slim_seo":{"title":"Governo lan\u00e7a o Pr\u00f3-Infra para estimular o investimento privado em infraestrutura no Brasil - ABEMI","description":"O Governo Federal lan\u00e7ou no in\u00edcio de agosto, em S\u00e3o Paulo, o Pr\u00f3-Infra, programa destinado a estimular o investimento privado em infraestrutura no Brasil, com"},"footnotes":""},"categories":[25],"tags":[],"class_list":["post-7297","post","type-post","status-publish","format-standard","has-post-thumbnail","hentry","category-noticias"],"_links":{"self":[{"href":"https:\/\/abemi.org.br\/en\/wp-json\/wp\/v2\/posts\/7297","targetHints":{"allow":["GET"]}}],"collection":[{"href":"https:\/\/abemi.org.br\/en\/wp-json\/wp\/v2\/posts"}],"about":[{"href":"https:\/\/abemi.org.br\/en\/wp-json\/wp\/v2\/types\/post"}],"author":[{"embeddable":true,"href":"https:\/\/abemi.org.br\/en\/wp-json\/wp\/v2\/users\/2"}],"replies":[{"embeddable":true,"href":"https:\/\/abemi.org.br\/en\/wp-json\/wp\/v2\/comments?post=7297"}],"version-history":[{"count":0,"href":"https:\/\/abemi.org.br\/en\/wp-json\/wp\/v2\/posts\/7297\/revisions"}],"wp:featuredmedia":[{"embeddable":true,"href":"https:\/\/abemi.org.br\/en\/wp-json\/wp\/v2\/media\/4495"}],"wp:attachment":[{"href":"https:\/\/abemi.org.br\/en\/wp-json\/wp\/v2\/media?parent=7297"}],"wp:term":[{"taxonomy":"category","embeddable":true,"href":"https:\/\/abemi.org.br\/en\/wp-json\/wp\/v2\/categories?post=7297"},{"taxonomy":"post_tag","embeddable":true,"href":"https:\/\/abemi.org.br\/en\/wp-json\/wp\/v2\/tags?post=7297"}],"curies":[{"name":"wp","href":"https:\/\/api.w.org\/{rel}","templated":true}]}}