{"id":7303,"date":"2019-08-27T21:16:03","date_gmt":"2019-08-28T00:16:03","guid":{"rendered":"https:\/\/abemi.sancho.digital\/sob-nova-direcao-ppi-tem-potencial-para-gerar-r-2-trilhoes-em-investimentos\/"},"modified":"2022-11-09T10:26:34","modified_gmt":"2022-11-09T13:26:34","slug":"sob-nova-direcao-ppi-tem-potencial-para-gerar-r-2-trilhoes-em-investimentos","status":"publish","type":"post","link":"https:\/\/abemi.org.br\/en\/sob-nova-direcao-ppi-tem-potencial-para-gerar-r-2-trilhoes-em-investimentos\/","title":{"rendered":"Sob nova dire\u00e7\u00e3o, PPI tem potencial para gerar R$ 2 trilh\u00f5es em investimentos"},"content":{"rendered":"<p>Com 277 iniciativas qualificadas, 151 leil\u00f5es realizados e 119 projetos e 9 pol\u00edticas em fase de estrutura\u00e7\u00e3o, o Programa de Parcerias de Investimentos (PPI) agora est\u00e1 sob o comando do ministro-chefe da Casa Civil, Onyx Lorenzoni. <strong>O programa foi lan\u00e7ado h\u00e1 tr\u00eas anos para ampliar e\u00a0fortalecer a intera\u00e7\u00e3o entre o Estado e a iniciativa privada por meio da celebra\u00e7\u00e3o de contratos de parceria e de outras medidas de desestatiza\u00e7\u00e3o.<\/strong><\/p>\n<p>Na 10<sup>a<\/sup> reuni\u00e3o do Conselho do PPI, realizada em 21 de agosto \u2013 o segundo encontro na gest\u00e3o do presidente Jair Bolsonaro \u2013, foram qualificadas 29 novas iniciativas, sendo 22 projetos e sete pol\u00edticas de fomento.\u00a0Os projetos que fazem parte do PPI tornam-se prioridade nacional.<\/p>\n<p><strong>A inclus\u00e3o de novas privatiza\u00e7\u00f5es, concess\u00f5es e parcerias entre o setor p\u00fablico e o privado eleva a capacidade do PPI para R$ 2 trilh\u00f5es. <\/strong>Somente as a\u00e7\u00f5es inclu\u00eddas na 10<sup>a<\/sup> reuni\u00e3o podem gerar investimentos privados ou p\u00fablico-privados de R$ 700 bilh\u00f5es.<\/p>\n<p>Segundo o ministro Onyx Lorenzoni, com a mudan\u00e7a do PPI para a Casa Civil, s\u00e3o contemplados minist\u00e9rios e pol\u00edticas setoriais que n\u00e3o estavam na carteira de parcerias priorit\u00e1rias, como <strong>saneamento b\u00e1sico, gera\u00e7\u00e3o de energia com res\u00edduos s\u00f3lidos para acabar com lix\u00f5es, educa\u00e7\u00e3o infantil, pres\u00eddios e unidades socioeducativas, ilumina\u00e7\u00e3o p\u00fablica e parques. <\/strong><\/p>\n<figure id=\"attachment_3948\" aria-describedby=\"caption-attachment-3948\" style=\"width: 621px\" class=\"wp-caption alignnone\"><img fetchpriority=\"high\" decoding=\"async\" class=\"wp-image-3948\" src=\"https:\/\/abemi.org.br\/wp-content\/uploads\/2019\/08\/33867529788_74cccc2acd_k-1-1.jpg\" alt=\"\" width=\"621\" height=\"414\" \/><figcaption id=\"caption-attachment-3948\" class=\"wp-caption-text\">Ministro Chefe da Casa Civil, Onyx Lorenzoni<\/figcaption><\/figure>\n<p>At\u00e9 ent\u00e3o, faltavam pol\u00edticas qualificadas para apoiar estados e munic\u00edpios a realizarem parcerias com a iniciativa privada nessas \u00e1reas. Agora, podem ser executados novos modelos para ampliar e melhorar servi\u00e7os de ensino infantil, iniciativas para universaliza\u00e7\u00e3o de saneamento b\u00e1sico e opera\u00e7\u00e3o de unidades socioeducativas.<\/p>\n<p>Para a secret\u00e1ria especial do PPI, Martha Seillier, a diversifica\u00e7\u00e3o da carteira vai atrair a iniciativa privada para setores que antes n\u00e3o eram considerados priorit\u00e1rios para o governo federal, e estados e munic\u00edpios ter\u00e3o apoio do governo para viabiliza\u00e7\u00e3o de concess\u00f5es e parcerias com a iniciativa privada.<\/p>\n<p><strong>Entre os projetos e pol\u00edticas qualificados ao PPI, incluem-se:<\/strong><\/p>\n<ul>\n<li><strong>Arrendamento de tr\u00eas terminais portu\u00e1rios (dois no Porto de Santos e um no Porto de Aratu).<\/strong><\/li>\n<li><strong>P<\/strong><strong>ol\u00edtica p\u00fablica para cabotagem<\/strong><strong>.<\/strong><\/li>\n<li><strong>Pol\u00edtica p\u00fablica para est\u00edmulo ao transporte terrestre coletivo interestadual e internacional de passageiros (TRIIP).<\/strong><\/li>\n<li><strong>Apoio ao licenciamento ambiental para a Rodovia BR 158\/MT.<\/strong><\/li>\n<li><strong>Concess\u00e3o da BR 101\/SC (Sul de Palho\u00e7a\/SC a divisa SC\/RS).<\/strong><\/li>\n<li><strong>Estudo para desestatiza\u00e7\u00e3o do Porto de Santos. <\/strong><\/li>\n<li><strong>Projetos de apoio ao licenciamento ambiental para quatro usinas hidrel\u00e9tricas<\/strong><\/li>\n<\/ul>\n<p><em><strong>Editora Conte\u00fado\/Abgail Cardoso<\/strong><\/em><\/p>","protected":false},"excerpt":{"rendered":"<p>Com 277 iniciativas qualificadas, 151 leil\u00f5es realizados e 119 projetos e 9 pol\u00edticas em fase de estrutura\u00e7\u00e3o, o Programa de Parcerias de Investimentos (PPI) agora est\u00e1 sob o comando do ministro-chefe da Casa Civil, Onyx Lorenzoni. O programa foi lan\u00e7ado h\u00e1 tr\u00eas anos para ampliar e\u00a0fortalecer a intera\u00e7\u00e3o entre o Estado e a iniciativa privada [&hellip;]<\/p>\n","protected":false},"author":2,"featured_media":4505,"comment_status":"closed","ping_status":"open","sticky":false,"template":"","format":"standard","meta":{"site-sidebar-layout":"default","site-content-layout":"","ast-site-content-layout":"default","site-content-style":"default","site-sidebar-style":"default","ast-global-header-display":"","ast-banner-title-visibility":"","ast-main-header-display":"","ast-hfb-above-header-display":"","ast-hfb-below-header-display":"","ast-hfb-mobile-header-display":"","site-post-title":"","ast-breadcrumbs-content":"","ast-featured-img":"","footer-sml-layout":"","theme-transparent-header-meta":"","adv-header-id-meta":"","stick-header-meta":"","header-above-stick-meta":"","header-main-stick-meta":"","header-below-stick-meta":"","astra-migrate-meta-layouts":"default","ast-page-background-enabled":"default","ast-page-background-meta":{"desktop":{"background-color":"","background-image":"","background-repeat":"repeat","background-position":"center center","background-size":"auto","background-attachment":"scroll","background-type":"","background-media":"","overlay-type":"","overlay-color":"","overlay-opacity":"","overlay-gradient":""},"tablet":{"background-color":"","background-image":"","background-repeat":"repeat","background-position":"center center","background-size":"auto","background-attachment":"scroll","background-type":"","background-media":"","overlay-type":"","overlay-color":"","overlay-opacity":"","overlay-gradient":""},"mobile":{"background-color":"","background-image":"","background-repeat":"repeat","background-position":"center center","background-size":"auto","background-attachment":"scroll","background-type":"","background-media":"","overlay-type":"","overlay-color":"","overlay-opacity":"","overlay-gradient":""}},"ast-content-background-meta":{"desktop":{"background-color":"var(--ast-global-color-5)","background-image":"","background-repeat":"repeat","background-position":"center center","background-size":"auto","background-attachment":"scroll","background-type":"","background-media":"","overlay-type":"","overlay-color":"","overlay-opacity":"","overlay-gradient":""},"tablet":{"background-color":"var(--ast-global-color-5)","background-image":"","background-repeat":"repeat","background-position":"center center","background-size":"auto","background-attachment":"scroll","background-type":"","background-media":"","overlay-type":"","overlay-color":"","overlay-opacity":"","overlay-gradient":""},"mobile":{"background-color":"var(--ast-global-color-5)","background-image":"","background-repeat":"repeat","background-position":"center center","background-size":"auto","background-attachment":"scroll","background-type":"","background-media":"","overlay-type":"","overlay-color":"","overlay-opacity":"","overlay-gradient":""}},"slim_seo":{"title":"Sob nova dire\u00e7\u00e3o, PPI tem potencial para gerar R$ 2 trilh\u00f5es em investimentos - ABEMI","description":"Com 277 iniciativas qualificadas, 151 leil\u00f5es realizados e 119 projetos e 9 pol\u00edticas em fase de estrutura\u00e7\u00e3o, o Programa de Parcerias de Investimentos (PPI) ag"},"footnotes":""},"categories":[25],"tags":[],"class_list":["post-7303","post","type-post","status-publish","format-standard","has-post-thumbnail","hentry","category-noticias"],"_links":{"self":[{"href":"https:\/\/abemi.org.br\/en\/wp-json\/wp\/v2\/posts\/7303","targetHints":{"allow":["GET"]}}],"collection":[{"href":"https:\/\/abemi.org.br\/en\/wp-json\/wp\/v2\/posts"}],"about":[{"href":"https:\/\/abemi.org.br\/en\/wp-json\/wp\/v2\/types\/post"}],"author":[{"embeddable":true,"href":"https:\/\/abemi.org.br\/en\/wp-json\/wp\/v2\/users\/2"}],"replies":[{"embeddable":true,"href":"https:\/\/abemi.org.br\/en\/wp-json\/wp\/v2\/comments?post=7303"}],"version-history":[{"count":0,"href":"https:\/\/abemi.org.br\/en\/wp-json\/wp\/v2\/posts\/7303\/revisions"}],"wp:featuredmedia":[{"embeddable":true,"href":"https:\/\/abemi.org.br\/en\/wp-json\/wp\/v2\/media\/4505"}],"wp:attachment":[{"href":"https:\/\/abemi.org.br\/en\/wp-json\/wp\/v2\/media?parent=7303"}],"wp:term":[{"taxonomy":"category","embeddable":true,"href":"https:\/\/abemi.org.br\/en\/wp-json\/wp\/v2\/categories?post=7303"},{"taxonomy":"post_tag","embeddable":true,"href":"https:\/\/abemi.org.br\/en\/wp-json\/wp\/v2\/tags?post=7303"}],"curies":[{"name":"wp","href":"https:\/\/api.w.org\/{rel}","templated":true}]}}