{"id":7318,"date":"2019-12-19T04:41:00","date_gmt":"2019-12-19T07:41:00","guid":{"rendered":"https:\/\/abemi.sancho.digital\/com-muitas-realizacoes-abemi-encerra-2019-e-planeja-acoes-inovadoras-para-2020\/"},"modified":"2022-11-09T10:26:34","modified_gmt":"2022-11-09T13:26:34","slug":"com-muitas-realizacoes-abemi-encerra-2019-e-planeja-acoes-inovadoras-para-2020","status":"publish","type":"post","link":"https:\/\/abemi.org.br\/en\/com-muitas-realizacoes-abemi-encerra-2019-e-planeja-acoes-inovadoras-para-2020\/","title":{"rendered":"Com muitas realiza\u00e7\u00f5es, ABEMI encerra 2019 e planeja a\u00e7\u00f5es inovadoras para 2020"},"content":{"rendered":"<p>Conquista de novos associados, incremento do n\u00famero de eventos, parcerias, novos grupos de trabalho e lan\u00e7amento do C\u00f3digo de Conduta. Em diversas frentes, o balan\u00e7o das atividades da ABEMI, que desde mar\u00e7o est\u00e1 sob a gest\u00e3o de Gabriel Aidar Abouchar, foi muito positivo em 2019. Norteada por um planejamento estrat\u00e9gico ambicioso, apesar de um caixa restrito, a nova diretoria conseguiu realizar muitas iniciativas inovadoras, avan\u00e7ando ainda mais na trajet\u00f3ria que tinha sido iniciada pela gest\u00e3o anterior de reinserir a ABEMI entre as principais entidades de representa\u00e7\u00e3o do pa\u00eds.<\/p>\n<p>\u201cEm oito meses e meio, fizemos oito palestras exclusivas com convidados de grande destaque em suas \u00e1reas de atua\u00e7\u00e3o e com tem\u00e1ticas variadas, como cogera\u00e7\u00e3o de energia, compliance, infraestrutura, saneamento, \u00f3leo e g\u00e1s, oportunidades de investimentos\u201d, destaca Gabriel Aidar. Segundo ele, a agenda de palestras da ABEMI oferece a oportunidade de vislumbrar tend\u00eancias de mercado e de trocar experi\u00eancias, al\u00e9m de expandir a rede de contatos. \u201cVamos dar continuidade em 2020 a esses eventos\u201d, avisa.<\/p>\n<p><img fetchpriority=\"high\" decoding=\"async\" class=\"alignnone wp-image-4070\" src=\"https:\/\/abemi.org.br\/wp-content\/uploads\/2019\/12\/IMG-20190524-WA0010-720x540-1.jpg\" alt=\"\" width=\"649\" height=\"487\" \/><\/p>\n<p>&nbsp;<\/p>\n<p><img decoding=\"async\" class=\"alignnone wp-image-3807\" src=\"https:\/\/abemi.org.br\/wp-content\/uploads\/2019\/06\/Evento-dia-18.jpg\" alt=\"\" width=\"652\" height=\"489\" \/><\/p>\n<p><img decoding=\"async\" class=\"alignnone wp-image-3555\" src=\"https:\/\/abemi.org.br\/wp-content\/uploads\/2019\/02\/BRH2730.jpg\" alt=\"\" width=\"655\" height=\"434\" \/><\/p>\n<p><strong>Integridade, competitividade e produtividade<\/strong><\/p>\n<p>Para endere\u00e7ar os temas integridade, competitividade e produtividade, uma das a\u00e7\u00f5es foi o estabelecimento de parcerias. Com a <strong>TRACE International<\/strong>, por exemplo, cuja gerente de desenvolvimento de neg\u00f3cios, Martha Mallory, foi uma das convidadas do ciclo de palestras de 2019, a ABEMI firmou uma parceria que oferece aos associados e \u00e0 sua rede de clientes e fornecedores condi\u00e7\u00f5es especiais para a certifica\u00e7\u00e3o de compliance e due diligence. \u201cVamos trabalhar em 2020 para que a certifica\u00e7\u00e3o TRACE, que \u00e9 mais r\u00e1pida e t\u00e3o boa quanto a ISO, seja aceita pelo mercado brasileiro, j\u00e1 que \u00e9 reconhecida internacionalmente\u201d, afirma o diretor da ABEMI, Joaquim Maia.<\/p>\n<p>J\u00e1 a parceria mais recente, firmada em novembro com <strong>o LEAN INSTITUTE BRASIL (LIB),<\/strong> visa ajudar os associados na otimiza\u00e7\u00e3o de processos e na elimina\u00e7\u00e3o de desperd\u00edcios. Segundo Gabriel Aidar, e uma parceria muito bem-vinda, j\u00e1 que as empresas de engenharia e demais associados precisam reduzir custos e otimizar processos e a gest\u00e3o. Em rela\u00e7\u00e3o \u00e0 produtividade, h\u00e1 a parceria com a <strong>BEENOCULUS,<\/strong> que tamb\u00e9m \u00e9 associada da ABEMI e oferece cursos imersivos em realidade virtual para capacita\u00e7\u00e3o de m\u00e3o de obra, o que permite reduzir em at\u00e9 seis vezes o tempo de capacita\u00e7\u00e3o em compara\u00e7\u00e3o com os m\u00e9todos tradicionais e aumentar a absor\u00e7\u00e3o dos conte\u00fados.<\/p>\n<p>A parceria com a <strong>VC Seguros<\/strong>, que tem 19 anos de mercado e tamb\u00e9m \u00e9 associada da ABEMI, visa reduzir custos em at\u00e9 15% e aumentar a efici\u00eancia e controle da gest\u00e3o ocupacional, medicina preventiva e securitiza\u00e7\u00e3o. Segundo Gabriel Aidar, al\u00e9m de oferecer condi\u00e7\u00f5es diferenciadas aos associados.<\/p>\n<p><strong>Grupos de trabalho<\/strong><\/p>\n<p><strong>Cinco grupos de trabalho atuantes tratam de temas relevantes para as empresas do setor.<\/strong><\/p>\n<ul>\n<li>O Compliance, por exemplo, acaba de lan\u00e7ar o C\u00f3digo de Conduta da ABEMI. O grupo de Produtividade criou, em parceria com o SENAI, dois cursos de especializa\u00e7\u00e3o buscando contribuir para melhorar a forma\u00e7\u00e3o dos trabalhadores nos canteiros de obra.<\/li>\n<li>O grupo de Tecnologia e Inova\u00e7\u00e3o promoveu eventos para aproximar a ABEMI das startups e est\u00e1 articulando a associa\u00e7\u00e3o da ABEMI ao CII (Construction Industry Institute), um instituto sediado na Universidade do Texas &#8211; EUA, que pesquisa e promove a aprendizagem e a implanta\u00e7\u00e3o de boas pr\u00e1ticas, com sustentabilidade e efic\u00e1cia em projetos EPC. \u201cSeremos a primeira associa\u00e7\u00e3o do Brasil a fazer parte do CII\u201d, destaca Gabriel Aidar.<\/li>\n<li>J\u00e1 o grupo de trabalho do Jur\u00eddico tem apoiado a diretoria da ABEMI nas reuni\u00f5es externas. H\u00e1 tamb\u00e9m um grupo que trata especificamente de quest\u00f5es trabalhistas. Um outro trata de gera\u00e7\u00e3o de empregos e est\u00e1 trabalhando para buscar uma atua\u00e7\u00e3o conjunta com a ABIMAQ em defesa do conte\u00fado nacional.<\/li>\n<li>O de saneamento, meio ambiente e res\u00edduos est\u00e1 acompanhando o desenrolar da nova lei de saneamento e atuando para identificar as oportunidades para os associados.<\/li>\n<\/ul>\n<p>Apesar do mercado ainda desafiador, com criatividade e comprometimento a ABEMI tem conseguido ampliar o n\u00famero de iniciativas, e isso tem ajudado a atrair novos associados. Em 2019, <strong>13 empresas aderiram \u00e0 ABEMI<\/strong>, que termina o ano com <strong>42 associados<\/strong>, entre eles companhias de outros setores, como advocacia, seguros, startups, benef\u00edcios e meio ambiente.<\/p>\n<p>A mudan\u00e7a da sede da ABEMI da Avenida Paulista para a Rua Tabapu\u00e3 \u00e9 outra conquista importante em 2019. A associa\u00e7\u00e3o passou a ocupar um escrit\u00f3rio mais moderno e funcional, numa regi\u00e3o tranquila e com excelente localiza\u00e7\u00e3o, e ainda conseguiu uma significativa redu\u00e7\u00e3o de seu custo fixo, j\u00e1 que no novo endere\u00e7o o audit\u00f3rio \u00e9 coletivo e pago apenas mediante o uso, n\u00e3o fazendo mais parte da \u00e1rea privativa da ABEMI.<\/p>\n<p><strong>Planos para 2020<\/strong><\/p>\n<figure id=\"attachment_4064\" aria-describedby=\"caption-attachment-4064\" style=\"width: 495px\" class=\"wp-caption alignnone\"><img loading=\"lazy\" decoding=\"async\" class=\"wp-image-4064\" src=\"https:\/\/abemi.org.br\/wp-content\/uploads\/2019\/12\/ISA9990-720x477-1.jpg\" alt=\"\" width=\"495\" height=\"328\" \/><figcaption id=\"caption-attachment-4064\" class=\"wp-caption-text\">Gabriel: motiva\u00e7\u00e3o para fazer ainda mais nos pr\u00f3ximos anos<\/figcaption><\/figure>\n<p>Prestes a iniciar o seu segundo ano de mandato, Gabriel Aidar diz que ele e a diretoria est\u00e3o extremamente motivados para fazer ainda mais no ano que come\u00e7a. Uma das novidades \u00e9 que est\u00e1 sendo planejada a primeira miss\u00e3o internacional da ABEMI. A previs\u00e3o \u00e9 visitar uma feira e um estaleiro em Xangai, numa viagem de 12 dias.<\/p>\n<p>\u201cVamos criar mais um grupo de trabalho que vai tratar de assuntos financeiros, como garantias, seguros, bancos e financiamentos. Outra novidade ser\u00e1 uma atua\u00e7\u00e3o articulada com as C\u00e2maras de Com\u00e9rcio inglesa, americana, alem\u00e3 e espanhola, buscando oportunidades para EPCistas brasileiras\u201d, antecipa Gabriel Aidar.<\/p>\n<p>O presidente da ABEMI afirma que 2020 dever\u00e1 ser um ano bom, mas espera uma rea\u00e7\u00e3o mais significativa da economia somente em 2021, um ano sem elei\u00e7\u00f5es. \u201cDever\u00e1 ser o melhor ano deste Governo com ministros que est\u00e3o apresentando um bom desempenho, em especial nas \u00e1reas econ\u00f4mica e de infraestrutura\u201d, afirma. Para ele, <strong>a proje\u00e7\u00e3o de crescimento de 1,5% a 2% em 2020 ainda n\u00e3o ser\u00e1 suficiente para que as empresas do setor de engenharia<\/strong>, que est\u00e3o lutando para se manter, comecem a prosperar.<\/p>\n<p>A reforma da previd\u00eancia \u00e9 importante, mas seus reflexos ser\u00e3o sentidos a longo prazo. Por isso, os empres\u00e1rios anseiam pelas reformas tribut\u00e1ria e administrativa, que v\u00e3o mexer com o custo Brasil, mas ter\u00e3o mais dificuldade para aprova\u00e7\u00e3o. Para o Brasil atrair investimentos em infraestrutura, Gabriel Aidar alerta que \u00e9 preciso melhorar a seguran\u00e7a jur\u00eddica. Ele acredita que o leil\u00e3o do pr\u00e9-sal, em novembro, n\u00e3o obteve sucesso em raz\u00e3o da inseguran\u00e7a jur\u00eddica. <strong>\u201cAs reformas administrativa e tribut\u00e1ria t\u00eam de acontecer. Estamos 20 anos atrasados com isso\u201d, conclui.\u00a0<\/strong><\/p>\n<p><strong><em>Editora Conte\u00fado\/Abgail Cardoso<\/em><\/strong><\/p>\n<p>&nbsp;<\/p>","protected":false},"excerpt":{"rendered":"<p>Conquista de novos associados, incremento do n\u00famero de eventos, parcerias, novos grupos de trabalho e lan\u00e7amento do C\u00f3digo de Conduta. Em diversas frentes, o balan\u00e7o das atividades da ABEMI, que desde mar\u00e7o est\u00e1 sob a gest\u00e3o de Gabriel Aidar Abouchar, foi muito positivo em 2019. Norteada por um planejamento estrat\u00e9gico ambicioso, apesar de um caixa [&hellip;]<\/p>\n","protected":false},"author":2,"featured_media":7319,"comment_status":"closed","ping_status":"open","sticky":false,"template":"","format":"standard","meta":{"site-sidebar-layout":"default","site-content-layout":"","ast-site-content-layout":"default","site-content-style":"default","site-sidebar-style":"default","ast-global-header-display":"","ast-banner-title-visibility":"","ast-main-header-display":"","ast-hfb-above-header-display":"","ast-hfb-below-header-display":"","ast-hfb-mobile-header-display":"","site-post-title":"","ast-breadcrumbs-content":"","ast-featured-img":"","footer-sml-layout":"","theme-transparent-header-meta":"","adv-header-id-meta":"","stick-header-meta":"","header-above-stick-meta":"","header-main-stick-meta":"","header-below-stick-meta":"","astra-migrate-meta-layouts":"default","ast-page-background-enabled":"default","ast-page-background-meta":{"desktop":{"background-color":"","background-image":"","background-repeat":"repeat","background-position":"center center","background-size":"auto","background-attachment":"scroll","background-type":"","background-media":"","overlay-type":"","overlay-color":"","overlay-opacity":"","overlay-gradient":""},"tablet":{"background-color":"","background-image":"","background-repeat":"repeat","background-position":"center center","background-size":"auto","background-attachment":"scroll","background-type":"","background-media":"","overlay-type":"","overlay-color":"","overlay-opacity":"","overlay-gradient":""},"mobile":{"background-color":"","background-image":"","background-repeat":"repeat","background-position":"center center","background-size":"auto","background-attachment":"scroll","background-type":"","background-media":"","overlay-type":"","overlay-color":"","overlay-opacity":"","overlay-gradient":""}},"ast-content-background-meta":{"desktop":{"background-color":"var(--ast-global-color-5)","background-image":"","background-repeat":"repeat","background-position":"center center","background-size":"auto","background-attachment":"scroll","background-type":"","background-media":"","overlay-type":"","overlay-color":"","overlay-opacity":"","overlay-gradient":""},"tablet":{"background-color":"var(--ast-global-color-5)","background-image":"","background-repeat":"repeat","background-position":"center center","background-size":"auto","background-attachment":"scroll","background-type":"","background-media":"","overlay-type":"","overlay-color":"","overlay-opacity":"","overlay-gradient":""},"mobile":{"background-color":"var(--ast-global-color-5)","background-image":"","background-repeat":"repeat","background-position":"center center","background-size":"auto","background-attachment":"scroll","background-type":"","background-media":"","overlay-type":"","overlay-color":"","overlay-opacity":"","overlay-gradient":""}},"slim_seo":{"title":"Com muitas realiza\u00e7\u00f5es, ABEMI encerra 2019 e planeja a\u00e7\u00f5es inovadoras para 2020 - ABEMI","description":"Conquista de novos associados, incremento do n\u00famero de eventos, parcerias, novos grupos de trabalho e lan\u00e7amento do C\u00f3digo de Conduta. Em diversas frentes, o ba"},"footnotes":""},"categories":[25],"tags":[],"class_list":["post-7318","post","type-post","status-publish","format-standard","has-post-thumbnail","hentry","category-noticias"],"_links":{"self":[{"href":"https:\/\/abemi.org.br\/en\/wp-json\/wp\/v2\/posts\/7318","targetHints":{"allow":["GET"]}}],"collection":[{"href":"https:\/\/abemi.org.br\/en\/wp-json\/wp\/v2\/posts"}],"about":[{"href":"https:\/\/abemi.org.br\/en\/wp-json\/wp\/v2\/types\/post"}],"author":[{"embeddable":true,"href":"https:\/\/abemi.org.br\/en\/wp-json\/wp\/v2\/users\/2"}],"replies":[{"embeddable":true,"href":"https:\/\/abemi.org.br\/en\/wp-json\/wp\/v2\/comments?post=7318"}],"version-history":[{"count":0,"href":"https:\/\/abemi.org.br\/en\/wp-json\/wp\/v2\/posts\/7318\/revisions"}],"wp:featuredmedia":[{"embeddable":true,"href":"https:\/\/abemi.org.br\/en\/wp-json\/wp\/v2\/media\/7319"}],"wp:attachment":[{"href":"https:\/\/abemi.org.br\/en\/wp-json\/wp\/v2\/media?parent=7318"}],"wp:term":[{"taxonomy":"category","embeddable":true,"href":"https:\/\/abemi.org.br\/en\/wp-json\/wp\/v2\/categories?post=7318"},{"taxonomy":"post_tag","embeddable":true,"href":"https:\/\/abemi.org.br\/en\/wp-json\/wp\/v2\/tags?post=7318"}],"curies":[{"name":"wp","href":"https:\/\/api.w.org\/{rel}","templated":true}]}}