{"id":7335,"date":"2020-06-02T19:12:28","date_gmt":"2020-06-02T22:12:28","guid":{"rendered":"https:\/\/abemi.sancho.digital\/como-as-associadas-da-abemi-reagem-a-pandemia-e-os-planos-de-retomada\/"},"modified":"2022-11-09T10:26:34","modified_gmt":"2022-11-09T13:26:34","slug":"como-as-associadas-da-abemi-reagem-a-pandemia-e-os-planos-de-retomada","status":"publish","type":"post","link":"https:\/\/abemi.org.br\/en\/como-as-associadas-da-abemi-reagem-a-pandemia-e-os-planos-de-retomada\/","title":{"rendered":"Como as associadas da ABEMI reagem \u00e0 pandemia e os planos de retomada"},"content":{"rendered":"<p>Como em todos os setores da vida, a quarentena e as regras de isolamento social decorrentes da pandemia de Covid-19 afetaram as empresas associadas \u00e0 ABEMI e as obrigou a agir imediatamente. As primeiras e urgentes rea\u00e7\u00f5es foram medidas para cuidar da sa\u00fade, colocando funcion\u00e1rios em home office e criando regras para distanciamento daqueles que precisam realizar seu trabalho presencialmente. Ao mesmo tempo em que \u00e9 necess\u00e1rio adotar novos modelos e ferramentas de trabalho, as empresas tiveram o desafio de preservar sua sa\u00fade financeira e em se organizar para cumprir os compromissos com clientes.<\/p>\n<p><strong>Com nove obras em andamento, o caminho adotado pela Montcalm Montagens Industriais foi o do di\u00e1logo e da negocia\u00e7\u00e3o.<\/strong> \u201cConversamos com cada cliente para entender suas necessidades e expectativas em rela\u00e7\u00e3o \u00e0s obras. Alguns decidiram interromper o trabalho, outros optaram por desacelerar, outros mantiveram o ritmo normal em fun\u00e7\u00e3o de compromissos j\u00e1 assumidos com seus clientes\u201d, informa Oscar Simonsen, diretor da Montcalm Montagens Industriais.<\/p>\n<figure id=\"attachment_4072\" aria-describedby=\"caption-attachment-4072\" style=\"width: 525px\" class=\"wp-caption alignnone\"><img fetchpriority=\"high\" decoding=\"async\" class=\"size-full wp-image-4072\" src=\"https:\/\/abemi.org.br\/wp-content\/uploads\/2019\/12\/timthumb.jpg\" alt=\"\" width=\"525\" height=\"350\" \/><figcaption id=\"caption-attachment-4072\" class=\"wp-caption-text\">Oscar Simonsen, da Moltcalm: &#8220;A empresa priorizou negociar a continuidade dos projetos para manter a receita e os empregos&#8221;<\/figcaption><\/figure>\n<p>Ele afirma que, sempre que poss\u00edvel para seu clientes, a empresa priorizou negociar a continuidade dos projetos, para poder manter sua receita e empregos, tomando todos os cuidados para n\u00e3o amea\u00e7ar a sa\u00fade das pessoas. A interrup\u00e7\u00e3o de uma obra aumenta os custos da empresa, por exemplo, com regresso de trabalhadores para suas casas.<\/p>\n<p>\u201cQuando a pandemia come\u00e7ou no Brasil, t\u00ednhamos 2.500 profissionais trabalhando nas obras. Exceto na obra da f\u00e1brica de fertilizantes, no Sul do Brasil, cujos trabalhadores s\u00e3o da regi\u00e3o, boa parte desse contingente estava em alojamentos, j\u00e1 que s\u00e3o obras distantes de suas casas\u201d, explica Oscar.<\/p>\n<p>Segundo o executivo, o objetivo maior \u00e9 evitar demiss\u00f5es. Assim, a empresa colocou em f\u00e9rias trabalhados de obras que foram paralisadas pelo cliente, optou por n\u00e3o dar continuidade a contrata\u00e7\u00f5es que estavam em curso e n\u00e3o renovou aqueles contratos de trabalho de pessoas que estavam em fase de experi\u00eancia. Ainda n\u00e3o o fez, mas poder\u00e1 recorrer \u00e0 aplica\u00e7\u00e3o das regras da Medida Provis\u00f3ria 936\/20, que faculta \u00e0 empresa reduzir jornada de trabalho e sal\u00e1rios.<\/p>\n<p><strong>\u201cNingu\u00e9m \u00e9 capaz de responder quando e como vai terminar essa situa\u00e7\u00e3o. Estamos trabalhando com recursos pr\u00f3prios, mas estamos de olho no caixa, cortando custos, viagens, palestras, compras desnecess\u00e1rias, tudo o que \u00e9 poss\u00edvel<\/strong>\u201d, diz Oscar, lembrando que a receita caiu pela metade, no entanto os custos aumentaram para cumprir as medidas de distanciamento social.<\/p>\n<p>A opera\u00e7\u00e3o em tr\u00eas turnos, o aumento do n\u00famero de quartos nos alojamentos para redistribuir as pessoas e de \u00f4nibus para evitar que os trabalhadores sentem-se lado a lado, o refor\u00e7o dos EPIs e a troca de m\u00e1scaras a cada duas horas s\u00e3o alguns dos exemplos de custos agregados pela pandemia. \u201cEstamos tomando todos os cuidados e trabalhando na conscientiza\u00e7\u00e3o dos empregados para que evitem a exposi\u00e7\u00e3o a riscos.\u201d<\/p>\n<p>Nesse sentido, as equipes de sa\u00fade e seguran\u00e7a do trabalho das obras t\u00eam sido rigorosas no acompanhamento da sa\u00fade das pessoas. \u201cTodos passam por medi\u00e7\u00e3o de temperatura e a qualquer sinal de doen\u00e7a respirat\u00f3ria a pessoa \u00e9 colocada em isolamento ou volta para casa, assim como aqueles com quem tiveram contato pr\u00f3ximo\u201d, conclui Oscar, lembrando que a pandemia de Covid-19 \u00e9, sem d\u00favida, a maior crise de todos os tempos.<\/p>\n<p><em><strong>Editora Conte\u00fado\/Abgail Cardoso<\/strong><\/em><\/p>","protected":false},"excerpt":{"rendered":"<p>Como em todos os setores da vida, a quarentena e as regras de isolamento social decorrentes da pandemia de Covid-19 afetaram as empresas associadas \u00e0 ABEMI e as obrigou a agir imediatamente. As primeiras e urgentes rea\u00e7\u00f5es foram medidas para cuidar da sa\u00fade, colocando funcion\u00e1rios em home office e criando regras para distanciamento daqueles que [&hellip;]<\/p>\n","protected":false},"author":2,"featured_media":4567,"comment_status":"closed","ping_status":"open","sticky":false,"template":"","format":"standard","meta":{"site-sidebar-layout":"default","site-content-layout":"","ast-site-content-layout":"default","site-content-style":"default","site-sidebar-style":"default","ast-global-header-display":"","ast-banner-title-visibility":"","ast-main-header-display":"","ast-hfb-above-header-display":"","ast-hfb-below-header-display":"","ast-hfb-mobile-header-display":"","site-post-title":"","ast-breadcrumbs-content":"","ast-featured-img":"","footer-sml-layout":"","theme-transparent-header-meta":"","adv-header-id-meta":"","stick-header-meta":"","header-above-stick-meta":"","header-main-stick-meta":"","header-below-stick-meta":"","astra-migrate-meta-layouts":"default","ast-page-background-enabled":"default","ast-page-background-meta":{"desktop":{"background-color":"","background-image":"","background-repeat":"repeat","background-position":"center center","background-size":"auto","background-attachment":"scroll","background-type":"","background-media":"","overlay-type":"","overlay-color":"","overlay-opacity":"","overlay-gradient":""},"tablet":{"background-color":"","background-image":"","background-repeat":"repeat","background-position":"center center","background-size":"auto","background-attachment":"scroll","background-type":"","background-media":"","overlay-type":"","overlay-color":"","overlay-opacity":"","overlay-gradient":""},"mobile":{"background-color":"","background-image":"","background-repeat":"repeat","background-position":"center center","background-size":"auto","background-attachment":"scroll","background-type":"","background-media":"","overlay-type":"","overlay-color":"","overlay-opacity":"","overlay-gradient":""}},"ast-content-background-meta":{"desktop":{"background-color":"var(--ast-global-color-5)","background-image":"","background-repeat":"repeat","background-position":"center center","background-size":"auto","background-attachment":"scroll","background-type":"","background-media":"","overlay-type":"","overlay-color":"","overlay-opacity":"","overlay-gradient":""},"tablet":{"background-color":"var(--ast-global-color-5)","background-image":"","background-repeat":"repeat","background-position":"center center","background-size":"auto","background-attachment":"scroll","background-type":"","background-media":"","overlay-type":"","overlay-color":"","overlay-opacity":"","overlay-gradient":""},"mobile":{"background-color":"var(--ast-global-color-5)","background-image":"","background-repeat":"repeat","background-position":"center center","background-size":"auto","background-attachment":"scroll","background-type":"","background-media":"","overlay-type":"","overlay-color":"","overlay-opacity":"","overlay-gradient":""}},"slim_seo":{"title":"Como as associadas da ABEMI reagem \u00e0 pandemia e os planos de retomada - ABEMI","description":"Como em todos os setores da vida, a quarentena e as regras de isolamento social decorrentes da pandemia de Covid-19 afetaram as empresas associadas \u00e0 ABEMI e as"},"footnotes":""},"categories":[25],"tags":[],"class_list":["post-7335","post","type-post","status-publish","format-standard","has-post-thumbnail","hentry","category-noticias"],"_links":{"self":[{"href":"https:\/\/abemi.org.br\/en\/wp-json\/wp\/v2\/posts\/7335","targetHints":{"allow":["GET"]}}],"collection":[{"href":"https:\/\/abemi.org.br\/en\/wp-json\/wp\/v2\/posts"}],"about":[{"href":"https:\/\/abemi.org.br\/en\/wp-json\/wp\/v2\/types\/post"}],"author":[{"embeddable":true,"href":"https:\/\/abemi.org.br\/en\/wp-json\/wp\/v2\/users\/2"}],"replies":[{"embeddable":true,"href":"https:\/\/abemi.org.br\/en\/wp-json\/wp\/v2\/comments?post=7335"}],"version-history":[{"count":0,"href":"https:\/\/abemi.org.br\/en\/wp-json\/wp\/v2\/posts\/7335\/revisions"}],"wp:featuredmedia":[{"embeddable":true,"href":"https:\/\/abemi.org.br\/en\/wp-json\/wp\/v2\/media\/4567"}],"wp:attachment":[{"href":"https:\/\/abemi.org.br\/en\/wp-json\/wp\/v2\/media?parent=7335"}],"wp:term":[{"taxonomy":"category","embeddable":true,"href":"https:\/\/abemi.org.br\/en\/wp-json\/wp\/v2\/categories?post=7335"},{"taxonomy":"post_tag","embeddable":true,"href":"https:\/\/abemi.org.br\/en\/wp-json\/wp\/v2\/tags?post=7335"}],"curies":[{"name":"wp","href":"https:\/\/api.w.org\/{rel}","templated":true}]}}