{"id":7336,"date":"2020-06-02T20:26:58","date_gmt":"2020-06-02T23:26:58","guid":{"rendered":"https:\/\/abemi.sancho.digital\/abemi-56-anos-uniao-para-liderar-fortalecer-e-transformar-o-setor-de-engenharia\/"},"modified":"2022-11-09T10:26:34","modified_gmt":"2022-11-09T13:26:34","slug":"abemi-56-anos-uniao-para-liderar-fortalecer-e-transformar-o-setor-de-engenharia","status":"publish","type":"post","link":"https:\/\/abemi.org.br\/en\/abemi-56-anos-uniao-para-liderar-fortalecer-e-transformar-o-setor-de-engenharia\/","title":{"rendered":"ABEMI 56 anos: uni\u00e3o para liderar, fortalecer e transformar o setor de engenharia"},"content":{"rendered":"<p>A despeito do cen\u00e1rio adverso agravado pela pandemia do novo coronav\u00edrus e tamb\u00e9m por causa dele, a ABEMI, que completou em 23 de maio 56 anos de sua funda\u00e7\u00e3o, est\u00e1 ainda mais atuante e cheia de vigor. A associa\u00e7\u00e3o, que j\u00e1 vinha com uma agenda intensa e relevante, refor\u00e7ou suas a\u00e7\u00f5es em diversas frentes, buscando contribuir para o crescimento do setor e do pa\u00eds e liderando iniciativas em favor do fortalecimento da engenharia brasileira.<\/p>\n<p>Os sete grupos de trabalho continuam muito atuantes, com reuni\u00f5es virtuais quinzenais ou semanais, com grande ades\u00e3o e participa\u00e7\u00e3o de dezenas de profissionais das empresas associadas. \u201cNossos grupos tratam de temas fundamentais para o setor, como saneamento, sa\u00fade, seguran\u00e7a e meio ambiente, inova\u00e7\u00e3o, tecnologia, competitividade e gera\u00e7\u00e3o de empregos, processos, compliance, entre outros. Os grupos est\u00e3o energizados, trabalhando muito motivados em prol do setor\u201d, destaca o presidente da ABEMI, Gabriel Aidar Abouchar.<\/p>\n<p><strong>Caminhos para a retomada<\/strong><\/p>\n<p>O mesmo esp\u00edrito determinado e positivo, segundo Gabriel, envolve os executivos da diretoria da ABEMI e das empresas associadas, que est\u00e3o empenhadas em construir caminhos para a retomada das atividades econ\u00f4micas no p\u00f3s-pandemia. \u201cDesde que surgiu a crise do novo coronav\u00edrus, estamos trabalhando de maneira coesa e organizada, tomando iniciativas, exercendo o protagonismo, que sempre foi uma caracter\u00edstica da nossa associa\u00e7\u00e3o. \u00c9 impressionante o que estamos fazendo com recursos pr\u00f3prios e com o conhecimento dos nossos associados\u201d, afirma Gabriel.<\/p>\n<p>As medidas de isolamento social n\u00e3o impediram a realiza\u00e7\u00e3o de eventos, agora na forma de webinars. O primeiro deles foi com o economista Ant\u00f4nio Corr\u00eaa de Lacerda, em abril. Para 9 de junho, \u00e0s 9h, est\u00e1 marcado outro evento com Jos\u00e9 Bispo, da Ag\u00eancia Nacional de Petr\u00f3leo, e outros est\u00e3o sendo organizados.<\/p>\n<p><strong>Cartas e reivindica\u00e7\u00f5es<\/strong><\/p>\n<figure id=\"attachment_3688\" aria-describedby=\"caption-attachment-3688\" style=\"width: 582px\" class=\"wp-caption alignnone\"><img fetchpriority=\"high\" decoding=\"async\" class=\"wp-image-3688\" src=\"https:\/\/abemi.org.br\/wp-content\/uploads\/2022\/11\/ISA9978-1-scaled.jpg\" alt=\"\" width=\"582\" height=\"385\" \/><figcaption id=\"caption-attachment-3688\" class=\"wp-caption-text\">Gabriel Abouchar, presidente da ABEMI: &#8220;Estamos trabalhando de maneira coesa e organizada, exercendo o protagonismo&#8221;<\/figcaption><\/figure>\n<p>Entre as iniciativas, ele destaca a elabora\u00e7\u00e3o e envio, em mar\u00e7o, de tr\u00eas cartas com sugest\u00f5es e demandas para o ministro da Casa Civil, Braga Neto; o ministro da Economia, Paulo Guedes; e a dire\u00e7\u00e3o da Petrobras. \u201cAs demandas incluem quest\u00f5es ligadas \u00e0 recupera\u00e7\u00e3o judicial de empresas, ao acesso a cr\u00e9dito, pagamento de impostos, retomada de investimentos. Parte das nossas sugest\u00f5es foram acatadas. Estamos acompanhando tudo por meio do Grupo de Trabalho Jur\u00eddico. O resultado tem sido muito bom\u201d, destaca Gabriel.<\/p>\n<p>Outra a\u00e7\u00e3o importante foi a elabora\u00e7\u00e3o e envio de uma carta para o presidente do Senado, Davi Alcolumbre, propondo a aprova\u00e7\u00e3o do Marco Regulat\u00f3rio do Saneamento B\u00e1sico, tamb\u00e9m assinada pelo Instituto de Engenharia, ABIMAQ (Associa\u00e7\u00e3o Brasileira da Ind\u00fastria de M\u00e1quinas e Equipamentos) e ABDIB (Associa\u00e7\u00e3o Brasileira da Infraestrutura e Ind\u00fastrias de Base).<\/p>\n<p>Agora, a ABEMI, tamb\u00e9m em conjunto com as associa\u00e7\u00f5es parceiras, vai encaminhar ao Minist\u00e9rio da Economia e \u00e0 Casa Civil um documento produzido pelo Comit\u00ea de Crise da ABEMI para estimular a retomada do crescimento, focado nos eixos tribut\u00e1rio, financiamento e desenvolvimento industrial competitivo.<\/p>\n<p>Gabriel afirma que a ABEMI vai buscar aproxima\u00e7\u00e3o com outras associa\u00e7\u00f5es, como Sinicon (Sindicato Nacional da Ind\u00fastria da Constru\u00e7\u00e3o Pesada), Sinduscon (Sindicato da Constru\u00e7\u00e3o Civil), CNI (Confedera\u00e7\u00e3o Nacional da Ind\u00fastria) e ABCE (Associa\u00e7\u00e3o Brasileira de Constru\u00e7\u00e3o e Engenharia). \u201cMais do que nunca, \u00e9 hora de somarmos for\u00e7as para podermos voltar \u00e0s atividades com seguran\u00e7a e retomarmos o crescimento nesse novo mundo, que ainda n\u00e3o sabemos bem como vai ser\u201d, conclui Gabriel.<\/p>\n<p><strong><em>Editora Conte\u00fado\/Abgail Cardoso<\/em><\/strong><\/p>\n<p>&nbsp;<\/p>\n<p>&nbsp;<\/p>","protected":false},"excerpt":{"rendered":"<p>A despeito do cen\u00e1rio adverso agravado pela pandemia do novo coronav\u00edrus e tamb\u00e9m por causa dele, a ABEMI, que completou em 23 de maio 56 anos de sua funda\u00e7\u00e3o, est\u00e1 ainda mais atuante e cheia de vigor. A associa\u00e7\u00e3o, que j\u00e1 vinha com uma agenda intensa e relevante, refor\u00e7ou suas a\u00e7\u00f5es em diversas frentes, buscando [&hellip;]<\/p>\n","protected":false},"author":2,"featured_media":4568,"comment_status":"closed","ping_status":"open","sticky":false,"template":"","format":"standard","meta":{"site-sidebar-layout":"default","site-content-layout":"","ast-site-content-layout":"default","site-content-style":"default","site-sidebar-style":"default","ast-global-header-display":"","ast-banner-title-visibility":"","ast-main-header-display":"","ast-hfb-above-header-display":"","ast-hfb-below-header-display":"","ast-hfb-mobile-header-display":"","site-post-title":"","ast-breadcrumbs-content":"","ast-featured-img":"","footer-sml-layout":"","theme-transparent-header-meta":"","adv-header-id-meta":"","stick-header-meta":"","header-above-stick-meta":"","header-main-stick-meta":"","header-below-stick-meta":"","astra-migrate-meta-layouts":"default","ast-page-background-enabled":"default","ast-page-background-meta":{"desktop":{"background-color":"","background-image":"","background-repeat":"repeat","background-position":"center center","background-size":"auto","background-attachment":"scroll","background-type":"","background-media":"","overlay-type":"","overlay-color":"","overlay-opacity":"","overlay-gradient":""},"tablet":{"background-color":"","background-image":"","background-repeat":"repeat","background-position":"center center","background-size":"auto","background-attachment":"scroll","background-type":"","background-media":"","overlay-type":"","overlay-color":"","overlay-opacity":"","overlay-gradient":""},"mobile":{"background-color":"","background-image":"","background-repeat":"repeat","background-position":"center center","background-size":"auto","background-attachment":"scroll","background-type":"","background-media":"","overlay-type":"","overlay-color":"","overlay-opacity":"","overlay-gradient":""}},"ast-content-background-meta":{"desktop":{"background-color":"var(--ast-global-color-5)","background-image":"","background-repeat":"repeat","background-position":"center center","background-size":"auto","background-attachment":"scroll","background-type":"","background-media":"","overlay-type":"","overlay-color":"","overlay-opacity":"","overlay-gradient":""},"tablet":{"background-color":"var(--ast-global-color-5)","background-image":"","background-repeat":"repeat","background-position":"center center","background-size":"auto","background-attachment":"scroll","background-type":"","background-media":"","overlay-type":"","overlay-color":"","overlay-opacity":"","overlay-gradient":""},"mobile":{"background-color":"var(--ast-global-color-5)","background-image":"","background-repeat":"repeat","background-position":"center center","background-size":"auto","background-attachment":"scroll","background-type":"","background-media":"","overlay-type":"","overlay-color":"","overlay-opacity":"","overlay-gradient":""}},"slim_seo":{"title":"ABEMI 56 anos: uni\u00e3o para liderar, fortalecer e transformar o setor de engenharia - ABEMI","description":"A despeito do cen\u00e1rio adverso agravado pela pandemia do novo coronav\u00edrus e tamb\u00e9m por causa dele, a ABEMI, que completou em 23 de maio 56 anos de sua funda\u00e7\u00e3o,"},"footnotes":""},"categories":[25],"tags":[],"class_list":["post-7336","post","type-post","status-publish","format-standard","has-post-thumbnail","hentry","category-noticias"],"_links":{"self":[{"href":"https:\/\/abemi.org.br\/en\/wp-json\/wp\/v2\/posts\/7336","targetHints":{"allow":["GET"]}}],"collection":[{"href":"https:\/\/abemi.org.br\/en\/wp-json\/wp\/v2\/posts"}],"about":[{"href":"https:\/\/abemi.org.br\/en\/wp-json\/wp\/v2\/types\/post"}],"author":[{"embeddable":true,"href":"https:\/\/abemi.org.br\/en\/wp-json\/wp\/v2\/users\/2"}],"replies":[{"embeddable":true,"href":"https:\/\/abemi.org.br\/en\/wp-json\/wp\/v2\/comments?post=7336"}],"version-history":[{"count":0,"href":"https:\/\/abemi.org.br\/en\/wp-json\/wp\/v2\/posts\/7336\/revisions"}],"wp:featuredmedia":[{"embeddable":true,"href":"https:\/\/abemi.org.br\/en\/wp-json\/wp\/v2\/media\/4568"}],"wp:attachment":[{"href":"https:\/\/abemi.org.br\/en\/wp-json\/wp\/v2\/media?parent=7336"}],"wp:term":[{"taxonomy":"category","embeddable":true,"href":"https:\/\/abemi.org.br\/en\/wp-json\/wp\/v2\/categories?post=7336"},{"taxonomy":"post_tag","embeddable":true,"href":"https:\/\/abemi.org.br\/en\/wp-json\/wp\/v2\/tags?post=7336"}],"curies":[{"name":"wp","href":"https:\/\/api.w.org\/{rel}","templated":true}]}}