{"id":7352,"date":"2020-10-22T23:04:20","date_gmt":"2020-10-23T02:04:20","guid":{"rendered":"https:\/\/abemi.sancho.digital\/abemi-apoia-desenvolvimento-do-setor-de-saneamento-e-aguarda-os-vetos-do-marco-regulatorio\/"},"modified":"2022-11-09T10:26:20","modified_gmt":"2022-11-09T13:26:20","slug":"abemi-apoia-desenvolvimento-do-setor-de-saneamento-e-aguarda-os-vetos-do-marco-regulatorio","status":"publish","type":"post","link":"https:\/\/abemi.org.br\/en\/abemi-apoia-desenvolvimento-do-setor-de-saneamento-e-aguarda-os-vetos-do-marco-regulatorio\/","title":{"rendered":"ABEMI apoia desenvolvimento do setor de saneamento e aguarda vetos do Marco Regulat\u00f3rio"},"content":{"rendered":"<p>O GT de Saneamento, Meio Ambiente e Res\u00edduos S\u00f3lidos da ABEMI continua empenhado em contribuir para acelerar a evolu\u00e7\u00e3o do setor. O diretor da ABEMI e coordenador do GT, Joaquim Maia, prev\u00ea que, por causa da natureza dos processos p\u00fablicos, ainda vai demorar a implanta\u00e7\u00e3o do plano de reestrutura\u00e7\u00e3o da ANA. Ap\u00f3s a aprova\u00e7\u00e3o do novo marco regulat\u00f3rio de saneamento, a ag\u00eancia teve seu escopo de atua\u00e7\u00e3o ampliado, passando a responder tamb\u00e9m por esgoto e res\u00edduos s\u00f3lidos e precisa ser reestruturada. Em contrapartida, o marco regulat\u00f3rio imp\u00f5e metas que precisam ser endere\u00e7adas com celeridade.<\/p>\n<p>\u201cQueremos ajudar nesse processo. Entregamos uma lista detalhada de a\u00e7\u00f5es que deveriam ser realizadas idealmente. O secret\u00e1rio nacional Pedro Maranh\u00e3o aprovou integralmente nossas sugest\u00f5es, mas observou que est\u00e1 em busca de or\u00e7amento para agilizar a reestrutura\u00e7\u00e3o da ag\u00eancia, que vai regular mais de 70 entes regulat\u00f3rios subnacionais\u201d, observa Maia. Ele destaca que esse trabalho vem sendo desenvolvido em parceria com ABIMAQ, SINDESAN e APECS. \u201cTemos muitos especialistas na ABEMI e nessas entidades parceiras, nos colocamos \u00e0 disposi\u00e7\u00e3o para ajudar.\u201d<\/p>\n<p><strong>\u00a0<\/strong><strong>Renova\u00e7\u00e3o de contratos<\/strong><\/p>\n<p>Agora, o GT e as entidades parceiras continuam aguardando a vota\u00e7\u00e3o dos vetos presidenciais no texto do Marco Regulat\u00f3rio, com aten\u00e7\u00e3o especial ao artigo 16, que acaba com a possibilidade de renova\u00e7\u00e3o de contratos de programa at\u00e9 2022. Prevista para 30 de setembro, acabou sendo tirada da pauta e tem previs\u00e3o de ser votada no dia 5 de novembro. \u201cNo dia 29 de setembro, enviamos uma carta para 70 parlamentares que comp\u00f5em as lideran\u00e7as no Congresso, manifestando nosso apoio aos vetos do presidente Jair Bolsonaro e explicando os benef\u00edcios para o pa\u00eds. Com o veto do artigo 16, as contrata\u00e7\u00f5es ser\u00e3o por concorr\u00eancia a partir da entrada da lei em vigor\u201d, diz Maia.<\/p>\n<p>Segundo ele, o sucesso do leil\u00e3o para a concess\u00e3o dos servi\u00e7os de \u00e1gua e esgoto de Macei\u00f3 (AL), com 1.500% de \u00e1gio, representa a abertura da era das concess\u00f5es do Novo Marco Regulat\u00f3rio e vai ao encontro da import\u00e2ncia da livre concorr\u00eancia.\u00a0\u00a0 Hoje, o setor p\u00fablico tem 95% dos servi\u00e7os de saneamento, mas claramente, sozinho, n\u00e3o consegue garantir a cobertura de que o pa\u00eds precisa. \u201cO processo de Alagoas, de estrutura\u00e7\u00e3o, de modelagem, feito com o apoio do BNDES, dever\u00e1 estimular outros estados, munic\u00edpios e regi\u00f5es que podem se unir para viabilizar a participa\u00e7\u00e3o do setor privado no saneamento e a livre concorr\u00eancia, que \u00e9 ben\u00e9fica para todos\u201d, complementa.<\/p>\n<p><strong>Novos projetos<\/strong><\/p>\n<p>Outra preocupa\u00e7\u00e3o do GT \u00e9 a estrutura\u00e7\u00e3o de um pipeline de novos projetos de saneamento, especialmente fora dos grandes centros. Para isso, convidou o secret\u00e1rio especial do Programa de Parcerias de Investimentos (PPI), Manoel Renato Machado Filho, para participar da reuni\u00e3o do GT, em 16 de outubro. O executivo falou sobre como o Minist\u00e9rio da Economia e o PPI pretendem tornar atrativos investimentos em saneamento em munic\u00edpios pequenos. Oitenta por cento dos 5.570 munic\u00edpios brasileiros t\u00eam menos de 100 mil habitantes e muitos s\u00e3o isolados, o que representa um desafio atrair operadores interessados.<\/p>\n<p><em><strong>Editora Conte\u00fado\/Abgail Cardoso<\/strong><\/em><\/p>","protected":false},"excerpt":{"rendered":"<p>O GT de Saneamento, Meio Ambiente e Res\u00edduos S\u00f3lidos da ABEMI continua empenhado em contribuir para acelerar a evolu\u00e7\u00e3o do setor. O diretor da ABEMI e coordenador do GT, Joaquim Maia, prev\u00ea que, por causa da natureza dos processos p\u00fablicos, ainda vai demorar a implanta\u00e7\u00e3o do plano de reestrutura\u00e7\u00e3o da ANA. Ap\u00f3s a aprova\u00e7\u00e3o do [&hellip;]<\/p>\n","protected":false},"author":2,"featured_media":4709,"comment_status":"closed","ping_status":"open","sticky":false,"template":"","format":"standard","meta":{"site-sidebar-layout":"default","site-content-layout":"","ast-site-content-layout":"default","site-content-style":"default","site-sidebar-style":"default","ast-global-header-display":"","ast-banner-title-visibility":"","ast-main-header-display":"","ast-hfb-above-header-display":"","ast-hfb-below-header-display":"","ast-hfb-mobile-header-display":"","site-post-title":"","ast-breadcrumbs-content":"","ast-featured-img":"","footer-sml-layout":"","theme-transparent-header-meta":"","adv-header-id-meta":"","stick-header-meta":"","header-above-stick-meta":"","header-main-stick-meta":"","header-below-stick-meta":"","astra-migrate-meta-layouts":"default","ast-page-background-enabled":"default","ast-page-background-meta":{"desktop":{"background-color":"","background-image":"","background-repeat":"repeat","background-position":"center center","background-size":"auto","background-attachment":"scroll","background-type":"","background-media":"","overlay-type":"","overlay-color":"","overlay-opacity":"","overlay-gradient":""},"tablet":{"background-color":"","background-image":"","background-repeat":"repeat","background-position":"center center","background-size":"auto","background-attachment":"scroll","background-type":"","background-media":"","overlay-type":"","overlay-color":"","overlay-opacity":"","overlay-gradient":""},"mobile":{"background-color":"","background-image":"","background-repeat":"repeat","background-position":"center center","background-size":"auto","background-attachment":"scroll","background-type":"","background-media":"","overlay-type":"","overlay-color":"","overlay-opacity":"","overlay-gradient":""}},"ast-content-background-meta":{"desktop":{"background-color":"var(--ast-global-color-5)","background-image":"","background-repeat":"repeat","background-position":"center center","background-size":"auto","background-attachment":"scroll","background-type":"","background-media":"","overlay-type":"","overlay-color":"","overlay-opacity":"","overlay-gradient":""},"tablet":{"background-color":"var(--ast-global-color-5)","background-image":"","background-repeat":"repeat","background-position":"center center","background-size":"auto","background-attachment":"scroll","background-type":"","background-media":"","overlay-type":"","overlay-color":"","overlay-opacity":"","overlay-gradient":""},"mobile":{"background-color":"var(--ast-global-color-5)","background-image":"","background-repeat":"repeat","background-position":"center center","background-size":"auto","background-attachment":"scroll","background-type":"","background-media":"","overlay-type":"","overlay-color":"","overlay-opacity":"","overlay-gradient":""}},"slim_seo":{"title":"ABEMI apoia desenvolvimento do setor de saneamento e aguarda vetos do Marco Regulat\u00f3rio - ABEMI","description":"O GT de Saneamento, Meio Ambiente e Res\u00edduos S\u00f3lidos da ABEMI continua empenhado em contribuir para acelerar a evolu\u00e7\u00e3o do setor. O diretor da ABEMI e coordenad"},"footnotes":""},"categories":[25],"tags":[],"class_list":["post-7352","post","type-post","status-publish","format-standard","has-post-thumbnail","hentry","category-noticias"],"_links":{"self":[{"href":"https:\/\/abemi.org.br\/en\/wp-json\/wp\/v2\/posts\/7352","targetHints":{"allow":["GET"]}}],"collection":[{"href":"https:\/\/abemi.org.br\/en\/wp-json\/wp\/v2\/posts"}],"about":[{"href":"https:\/\/abemi.org.br\/en\/wp-json\/wp\/v2\/types\/post"}],"author":[{"embeddable":true,"href":"https:\/\/abemi.org.br\/en\/wp-json\/wp\/v2\/users\/2"}],"replies":[{"embeddable":true,"href":"https:\/\/abemi.org.br\/en\/wp-json\/wp\/v2\/comments?post=7352"}],"version-history":[{"count":0,"href":"https:\/\/abemi.org.br\/en\/wp-json\/wp\/v2\/posts\/7352\/revisions"}],"wp:featuredmedia":[{"embeddable":true,"href":"https:\/\/abemi.org.br\/en\/wp-json\/wp\/v2\/media\/4709"}],"wp:attachment":[{"href":"https:\/\/abemi.org.br\/en\/wp-json\/wp\/v2\/media?parent=7352"}],"wp:term":[{"taxonomy":"category","embeddable":true,"href":"https:\/\/abemi.org.br\/en\/wp-json\/wp\/v2\/categories?post=7352"},{"taxonomy":"post_tag","embeddable":true,"href":"https:\/\/abemi.org.br\/en\/wp-json\/wp\/v2\/tags?post=7352"}],"curies":[{"name":"wp","href":"https:\/\/api.w.org\/{rel}","templated":true}]}}