{"id":7354,"date":"2020-10-22T23:16:38","date_gmt":"2020-10-23T02:16:38","guid":{"rendered":"https:\/\/abemi.sancho.digital\/coalizacao-valorizacao-energetica-de-residuos-tem-participacao-ativa-da-abemi\/"},"modified":"2022-11-09T10:26:20","modified_gmt":"2022-11-09T13:26:20","slug":"coalizacao-valorizacao-energetica-de-residuos-tem-participacao-ativa-da-abemi","status":"publish","type":"post","link":"https:\/\/abemi.org.br\/en\/coalizacao-valorizacao-energetica-de-residuos-tem-participacao-ativa-da-abemi\/","title":{"rendered":"Coaliza\u00e7\u00e3o Valoriza\u00e7\u00e3o Energ\u00e9tica de Res\u00edduos tem participa\u00e7\u00e3o ativa da ABEMI"},"content":{"rendered":"<p>Representada pelo presidente Gabriel Aidar Abouchar e o diretor Joaquim Maia, a ABEMI participou, no dia 29 de setembro, do lan\u00e7amento da Coaliz\u00e3o Valoriza\u00e7\u00e3o Energ\u00e9tica de Res\u00edduos e \u00e9 uma das 10 entidades signat\u00e1rias desse movimento liderado pela ABREN (Associa\u00e7\u00e3o Brasileira de Recupera\u00e7\u00e3o Energ\u00e9tica de Res\u00edduos).<\/p>\n<p>A Coaliz\u00e3o tem como objetivo promover a\u00e7\u00f5es para incentivar o desenvolvimento da valoriza\u00e7\u00e3o energ\u00e9tica de res\u00edduos s\u00f3lidos no Brasil, visando buscar solu\u00e7\u00f5es legais e regulat\u00f3rias para o desenvolvimento de uma ind\u00fastria sustent\u00e1vel e integrada de valoriza\u00e7\u00e3o energ\u00e9tica de res\u00edduos s\u00f3lidos no Brasil.<\/p>\n<p>Na abertura do evento de lan\u00e7amento, o vice-presidente do Conselho da ABREN, Ant\u00f4nio Bolognesi, destacou que o Brasil precisa ser al\u00e7ado a um outro n\u00edvel na gest\u00e3o e no tratamento dos res\u00edduos s\u00f3lidos.<\/p>\n<p><strong>Gera\u00e7\u00e3o de energia<\/strong><\/p>\n<p>Solu\u00e7\u00e3o avan\u00e7ada no Jap\u00e3o e na Europa, as usinas de recupera\u00e7\u00e3o energ\u00e9tica (URE) ou\u00a0Waste-to-Energy\u00a0(WtE) ainda est\u00e3o come\u00e7ando no Brasil. As WtE usam materiais recicl\u00e1veis para gerar energia, o que traz benef\u00edcios para o meio ambiente, a sa\u00fade da popula\u00e7\u00e3o e a mitiga\u00e7\u00e3o do aquecimento global.<\/p>\n<p>Interessante do ponto de vista ambiental, essa solu\u00e7\u00e3o \u00e9 o topo da cadeia em termos de tecnologia. \u201c\u00c9 muito importante come\u00e7ar a difundir esse conceito por aqui, mas para sua implanta\u00e7\u00e3o ainda precisamos percorrer um caminho longo, que inclui a amplia\u00e7\u00e3o da coleta seletiva, que hoje n\u00e3o chega a 4%, e a viabiliza\u00e7\u00e3o de pesados investimentos\u201d, destaca Joaquim Maia.<\/p>\n<p><strong><em>Editora Conte\u00fado\/Abgail Cardoso<\/em><\/strong><\/p>\n<p>&nbsp;<\/p>\n<p>&nbsp;<\/p>\n<p>&nbsp;<\/p>\n<p>&nbsp;<\/p>","protected":false},"excerpt":{"rendered":"<p>Representada pelo presidente Gabriel Aidar Abouchar e o diretor Joaquim Maia, a ABEMI participou, no dia 29 de setembro, do lan\u00e7amento da Coaliz\u00e3o Valoriza\u00e7\u00e3o Energ\u00e9tica de Res\u00edduos e \u00e9 uma das 10 entidades signat\u00e1rias desse movimento liderado pela ABREN (Associa\u00e7\u00e3o Brasileira de Recupera\u00e7\u00e3o Energ\u00e9tica de Res\u00edduos). A Coaliz\u00e3o tem como objetivo promover a\u00e7\u00f5es para incentivar [&hellip;]<\/p>\n","protected":false},"author":2,"featured_media":4712,"comment_status":"closed","ping_status":"open","sticky":false,"template":"","format":"standard","meta":{"site-sidebar-layout":"default","site-content-layout":"","ast-site-content-layout":"default","site-content-style":"default","site-sidebar-style":"default","ast-global-header-display":"","ast-banner-title-visibility":"","ast-main-header-display":"","ast-hfb-above-header-display":"","ast-hfb-below-header-display":"","ast-hfb-mobile-header-display":"","site-post-title":"","ast-breadcrumbs-content":"","ast-featured-img":"","footer-sml-layout":"","theme-transparent-header-meta":"","adv-header-id-meta":"","stick-header-meta":"","header-above-stick-meta":"","header-main-stick-meta":"","header-below-stick-meta":"","astra-migrate-meta-layouts":"default","ast-page-background-enabled":"default","ast-page-background-meta":{"desktop":{"background-color":"","background-image":"","background-repeat":"repeat","background-position":"center center","background-size":"auto","background-attachment":"scroll","background-type":"","background-media":"","overlay-type":"","overlay-color":"","overlay-opacity":"","overlay-gradient":""},"tablet":{"background-color":"","background-image":"","background-repeat":"repeat","background-position":"center center","background-size":"auto","background-attachment":"scroll","background-type":"","background-media":"","overlay-type":"","overlay-color":"","overlay-opacity":"","overlay-gradient":""},"mobile":{"background-color":"","background-image":"","background-repeat":"repeat","background-position":"center center","background-size":"auto","background-attachment":"scroll","background-type":"","background-media":"","overlay-type":"","overlay-color":"","overlay-opacity":"","overlay-gradient":""}},"ast-content-background-meta":{"desktop":{"background-color":"var(--ast-global-color-5)","background-image":"","background-repeat":"repeat","background-position":"center center","background-size":"auto","background-attachment":"scroll","background-type":"","background-media":"","overlay-type":"","overlay-color":"","overlay-opacity":"","overlay-gradient":""},"tablet":{"background-color":"var(--ast-global-color-5)","background-image":"","background-repeat":"repeat","background-position":"center center","background-size":"auto","background-attachment":"scroll","background-type":"","background-media":"","overlay-type":"","overlay-color":"","overlay-opacity":"","overlay-gradient":""},"mobile":{"background-color":"var(--ast-global-color-5)","background-image":"","background-repeat":"repeat","background-position":"center center","background-size":"auto","background-attachment":"scroll","background-type":"","background-media":"","overlay-type":"","overlay-color":"","overlay-opacity":"","overlay-gradient":""}},"slim_seo":{"title":"Coaliza\u00e7\u00e3o Valoriza\u00e7\u00e3o Energ\u00e9tica de Res\u00edduos tem participa\u00e7\u00e3o ativa da ABEMI - ABEMI","description":"Representada pelo presidente Gabriel Aidar Abouchar e o diretor Joaquim Maia, a ABEMI participou, no dia 29 de setembro, do lan\u00e7amento da Coaliz\u00e3o Valoriza\u00e7\u00e3o E"},"footnotes":""},"categories":[25],"tags":[],"class_list":["post-7354","post","type-post","status-publish","format-standard","has-post-thumbnail","hentry","category-noticias"],"_links":{"self":[{"href":"https:\/\/abemi.org.br\/en\/wp-json\/wp\/v2\/posts\/7354","targetHints":{"allow":["GET"]}}],"collection":[{"href":"https:\/\/abemi.org.br\/en\/wp-json\/wp\/v2\/posts"}],"about":[{"href":"https:\/\/abemi.org.br\/en\/wp-json\/wp\/v2\/types\/post"}],"author":[{"embeddable":true,"href":"https:\/\/abemi.org.br\/en\/wp-json\/wp\/v2\/users\/2"}],"replies":[{"embeddable":true,"href":"https:\/\/abemi.org.br\/en\/wp-json\/wp\/v2\/comments?post=7354"}],"version-history":[{"count":0,"href":"https:\/\/abemi.org.br\/en\/wp-json\/wp\/v2\/posts\/7354\/revisions"}],"wp:featuredmedia":[{"embeddable":true,"href":"https:\/\/abemi.org.br\/en\/wp-json\/wp\/v2\/media\/4712"}],"wp:attachment":[{"href":"https:\/\/abemi.org.br\/en\/wp-json\/wp\/v2\/media?parent=7354"}],"wp:term":[{"taxonomy":"category","embeddable":true,"href":"https:\/\/abemi.org.br\/en\/wp-json\/wp\/v2\/categories?post=7354"},{"taxonomy":"post_tag","embeddable":true,"href":"https:\/\/abemi.org.br\/en\/wp-json\/wp\/v2\/tags?post=7354"}],"curies":[{"name":"wp","href":"https:\/\/api.w.org\/{rel}","templated":true}]}}