{"id":7409,"date":"2022-02-24T15:22:49","date_gmt":"2022-02-24T18:22:49","guid":{"rendered":"https:\/\/abemi.sancho.digital\/abemi-lidera-a-adequacao-aos-parametros-esg-na-engenharia-e-construcao\/"},"modified":"2022-11-09T10:26:19","modified_gmt":"2022-11-09T13:26:19","slug":"abemi-lidera-a-adequacao-aos-parametros-esg-na-engenharia-e-construcao","status":"publish","type":"post","link":"https:\/\/abemi.org.br\/en\/abemi-lidera-a-adequacao-aos-parametros-esg-na-engenharia-e-construcao\/","title":{"rendered":"ABEMI lidera a adequa\u00e7\u00e3o aos par\u00e2metros ESG na engenharia e constru\u00e7\u00e3o"},"content":{"rendered":"<p>A pauta ESG (Environmental, Social &amp; Governance) \u00e9 a mais nova bandeira da ABEMI. A associa\u00e7\u00e3o criou um novo grupo de trabalho, liderado por Ana Claudia La Plata de Mello Franco, S\u00f3cia da pr\u00e1tica de Direito Ambiental e ESG do escrit\u00f3rio Toledo Marchetti, para atuar na divulga\u00e7\u00e3o dos conceitos e na sensibiliza\u00e7\u00e3o das lideran\u00e7as das empresas do setor de engenharia e constru\u00e7\u00e3o.<\/p>\n<p>\u201cESG e seus desdobramentos \u00e9 um assunto muito importante para o nosso setor, que tem de estar atento ao cumprimento das boas pr\u00e1ticas ambientais, sociais e de governan\u00e7a. Cada vez mais, elas ser\u00e3o demandadas pelos investidores e \u00f3rg\u00e3os de financiamento nacionais e internacionais\u201d, afirma o diretor da ABEMI, Joaquim Maia.<\/p>\n<p>Ele lembra ainda que a pauta ESG est\u00e1 atrelada ao desafio mundial de descarboniza\u00e7\u00e3o e ao compromisso do Brasil, assinado na COP26, de reduzir em 30% as emiss\u00f5es de CO2 e g\u00e1s metano at\u00e9 2033. \u201cO mundo todo est\u00e1 preocupado com a redu\u00e7\u00e3o de carbono e da depend\u00eancia de combust\u00edveis f\u00f3sseis. Avan\u00e7ar em ESG tem tudo a ver com o per\u00edodo de transi\u00e7\u00e3o energ\u00e9tica que estamos vivendo, de migra\u00e7\u00e3o para fontes renov\u00e1veis, como solar, e\u00f3lica e nuclear, com plantas menores e novas tecnologias\u201d, destaca Joaquim.<\/p>\n<p>Segundo a Dra. Ana Claudia, a adequa\u00e7\u00e3o aos par\u00e2metros ESG \u00e9 um processo, uma jornada de identifica\u00e7\u00e3o de temas materiais que caracterizam riscos e oportunidades para as empresas. \u201cNa minha leitura, o setor de engenharia e constru\u00e7\u00e3o j\u00e1 tem como norte a a\u00e7\u00e3o pela sustentabilidade, e tem buscado compreender melhor essa nova roupagem, sob a rubrica ESG, mediante o aprofundamento do conhecimento dos conceitos, das m\u00e9tricas e das exig\u00eancias de boas pr\u00e1ticas pelo mercado, bem como do fortalecimento das governan\u00e7as e do engajamento dos stakeholders\u201d, afirma.<\/p>\n<figure id=\"attachment_4982\" aria-describedby=\"caption-attachment-4982\" style=\"width: 325px\" class=\"wp-caption alignright\"><img fetchpriority=\"high\" decoding=\"async\" class=\"wp-image-4982\" src=\"https:\/\/abemi.org.br\/wp-content\/uploads\/2022\/02\/IMG-20220223-WA0022.jpg\" alt=\"\" width=\"325\" height=\"355\" srcset=\"https:\/\/abemi.org.br\/wp-content\/uploads\/2022\/02\/IMG-20220223-WA0022.jpg 802w, https:\/\/abemi.org.br\/wp-content\/uploads\/2022\/02\/IMG-20220223-WA0022-275x300.jpg 275w, https:\/\/abemi.org.br\/wp-content\/uploads\/2022\/02\/IMG-20220223-WA0022-768x837.jpg 768w\" sizes=\"(max-width: 325px) 100vw, 325px\" \/><figcaption id=\"caption-attachment-4982\" class=\"wp-caption-text\">Ana Claudia La Plata de Mello Franco, coordenadora do Grupo de Trabalho ESG da ABEMI e s\u00f3cia do escrit\u00f3rio Toledo Marchetti<\/figcaption><\/figure>\n<p><strong>Conte\u00fado relevante<\/strong><\/p>\n<p>Pensando em acelerar esse processo, o GT ESG da ABEMI \u2014 composto por membros de diversas forma\u00e7\u00f5es, o que refor\u00e7a o car\u00e1ter multidisciplinar da agenda ESG \u2014 preparou um paper\u00a0com os conceitos iniciais e um mapeamento de algumas tend\u00eancias para 2022. A Dra. Ana Claudia destaca que a ABEMI pretende trabalhar forte na constru\u00e7\u00e3o de um conte\u00fado relevante para auxiliar as suas associadas na condu\u00e7\u00e3o de estrat\u00e9gias nesse contexto, firmando parcerias para a realiza\u00e7\u00e3o de cursos e treinamentos e trazendo especialistas para contribuir nessa dire\u00e7\u00e3o.<\/p>\n<p>Ser\u00e1 organizado, tamb\u00e9m, um webinar, previsto para ocorrer ainda no primeiro semestre, sobre a tem\u00e1tica ESG, voltado \u00e0s lideran\u00e7as das empresas do setor. \u201cDefinimos uma estrat\u00e9gia de come\u00e7ar pelo topo das organiza\u00e7\u00f5es, envolvendo primeiro diretorias e conselhos de administra\u00e7\u00e3o. Queremos que eles abracem conosco essa causa, que depois naturalmente ir\u00e1 permear as organiza\u00e7\u00f5es\u201d, explica Joaquim.<\/p>\n<p>O executivo da ABEMI observa tamb\u00e9m que a adequa\u00e7\u00e3o \u00e0 agenda ESG \u00e9 um movimento mundial, que est\u00e1 s\u00f3 come\u00e7ando e traz maior responsabilidade, mas tamb\u00e9m muitas oportunidades. No setor de engenharia e constru\u00e7\u00e3o, por exemplo, a aplica\u00e7\u00e3o de novas tecnologias, como captura de carbono e produ\u00e7\u00e3o de hidrog\u00eanio verde como fonte de energia e para a produ\u00e7\u00e3o de am\u00f4nia, ureia e outros derivados, vai abrir grandes oportunidades de neg\u00f3cios na pr\u00f3xima d\u00e9cada.<\/p>\n<p>Entre as responsabilidades, Joaquim destaca a nova postura na execu\u00e7\u00e3o das obras, que devem ser realizadas do modo mais sustent\u00e1vel poss\u00edvel. \u201c\u00c9 preciso fazer o tratamento de efluentes e ter muita consci\u00eancia no descarte de rejeitos\u201d, exemplifica.<\/p>\n<p>No pilar social, o GT ESG vai atuar em parceria com o GT SMS. \u201cAs empresas de engenharia e constru\u00e7\u00e3o precisam desenvolver uma rela\u00e7\u00e3o amig\u00e1vel com stakeholders, especialmente com as comunidades onde as obras s\u00e3o executadas, al\u00e9m de se preocupar com a seguran\u00e7a dos trabalhadores, o desenvolvimento social, a capacita\u00e7\u00e3o profissional e o uso de m\u00e3o de obra local. No campo da governan\u00e7a, as a\u00e7\u00f5es est\u00e3o ligadas \u00e0 divulga\u00e7\u00e3o de conceitos e sensibiliza\u00e7\u00e3o das lideran\u00e7as\u201d, conclui Joaquim.<\/p>\n<p><strong>Saiba mais sobre o conceito no paper preparado pela ABEMI:<a href=\"https:\/\/abemi.org.br\/en\/esg\/\"> https:\/\/abemi.org.br\/esg\/<\/a><\/strong><\/p>\n<p><strong><em>\u00a0Editora Conte\u00fado<\/em><\/strong><\/p>\n<p>&nbsp;<\/p>","protected":false},"excerpt":{"rendered":"<p>A pauta ESG (Environmental, Social &amp; Governance) \u00e9 a mais nova bandeira da ABEMI. A associa\u00e7\u00e3o criou um novo grupo de trabalho, liderado por Ana Claudia La Plata de Mello Franco, S\u00f3cia da pr\u00e1tica de Direito Ambiental e ESG do escrit\u00f3rio Toledo Marchetti, para atuar na divulga\u00e7\u00e3o dos conceitos e na sensibiliza\u00e7\u00e3o das lideran\u00e7as das [&hellip;]<\/p>\n","protected":false},"author":2,"featured_media":4983,"comment_status":"closed","ping_status":"open","sticky":false,"template":"","format":"standard","meta":{"site-sidebar-layout":"default","site-content-layout":"","ast-site-content-layout":"default","site-content-style":"default","site-sidebar-style":"default","ast-global-header-display":"","ast-banner-title-visibility":"","ast-main-header-display":"","ast-hfb-above-header-display":"","ast-hfb-below-header-display":"","ast-hfb-mobile-header-display":"","site-post-title":"","ast-breadcrumbs-content":"","ast-featured-img":"","footer-sml-layout":"","theme-transparent-header-meta":"","adv-header-id-meta":"","stick-header-meta":"","header-above-stick-meta":"","header-main-stick-meta":"","header-below-stick-meta":"","astra-migrate-meta-layouts":"default","ast-page-background-enabled":"default","ast-page-background-meta":{"desktop":{"background-color":"","background-image":"","background-repeat":"repeat","background-position":"center center","background-size":"auto","background-attachment":"scroll","background-type":"","background-media":"","overlay-type":"","overlay-color":"","overlay-opacity":"","overlay-gradient":""},"tablet":{"background-color":"","background-image":"","background-repeat":"repeat","background-position":"center center","background-size":"auto","background-attachment":"scroll","background-type":"","background-media":"","overlay-type":"","overlay-color":"","overlay-opacity":"","overlay-gradient":""},"mobile":{"background-color":"","background-image":"","background-repeat":"repeat","background-position":"center center","background-size":"auto","background-attachment":"scroll","background-type":"","background-media":"","overlay-type":"","overlay-color":"","overlay-opacity":"","overlay-gradient":""}},"ast-content-background-meta":{"desktop":{"background-color":"var(--ast-global-color-5)","background-image":"","background-repeat":"repeat","background-position":"center center","background-size":"auto","background-attachment":"scroll","background-type":"","background-media":"","overlay-type":"","overlay-color":"","overlay-opacity":"","overlay-gradient":""},"tablet":{"background-color":"var(--ast-global-color-5)","background-image":"","background-repeat":"repeat","background-position":"center center","background-size":"auto","background-attachment":"scroll","background-type":"","background-media":"","overlay-type":"","overlay-color":"","overlay-opacity":"","overlay-gradient":""},"mobile":{"background-color":"var(--ast-global-color-5)","background-image":"","background-repeat":"repeat","background-position":"center center","background-size":"auto","background-attachment":"scroll","background-type":"","background-media":"","overlay-type":"","overlay-color":"","overlay-opacity":"","overlay-gradient":""}},"slim_seo":{"title":"ABEMI lidera a adequa\u00e7\u00e3o aos par\u00e2metros ESG na engenharia e constru\u00e7\u00e3o - ABEMI","description":"A pauta ESG (Environmental, Social &amp; Governance) \u00e9 a mais nova bandeira da ABEMI. A associa\u00e7\u00e3o criou um novo grupo de trabalho, liderado por Ana Claudia La"},"footnotes":""},"categories":[25],"tags":[],"class_list":["post-7409","post","type-post","status-publish","format-standard","has-post-thumbnail","hentry","category-noticias"],"_links":{"self":[{"href":"https:\/\/abemi.org.br\/en\/wp-json\/wp\/v2\/posts\/7409","targetHints":{"allow":["GET"]}}],"collection":[{"href":"https:\/\/abemi.org.br\/en\/wp-json\/wp\/v2\/posts"}],"about":[{"href":"https:\/\/abemi.org.br\/en\/wp-json\/wp\/v2\/types\/post"}],"author":[{"embeddable":true,"href":"https:\/\/abemi.org.br\/en\/wp-json\/wp\/v2\/users\/2"}],"replies":[{"embeddable":true,"href":"https:\/\/abemi.org.br\/en\/wp-json\/wp\/v2\/comments?post=7409"}],"version-history":[{"count":0,"href":"https:\/\/abemi.org.br\/en\/wp-json\/wp\/v2\/posts\/7409\/revisions"}],"wp:featuredmedia":[{"embeddable":true,"href":"https:\/\/abemi.org.br\/en\/wp-json\/wp\/v2\/media\/4983"}],"wp:attachment":[{"href":"https:\/\/abemi.org.br\/en\/wp-json\/wp\/v2\/media?parent=7409"}],"wp:term":[{"taxonomy":"category","embeddable":true,"href":"https:\/\/abemi.org.br\/en\/wp-json\/wp\/v2\/categories?post=7409"},{"taxonomy":"post_tag","embeddable":true,"href":"https:\/\/abemi.org.br\/en\/wp-json\/wp\/v2\/tags?post=7409"}],"curies":[{"name":"wp","href":"https:\/\/api.w.org\/{rel}","templated":true}]}}