{"id":7434,"date":"2022-07-22T14:45:23","date_gmt":"2022-07-22T17:45:23","guid":{"rendered":"https:\/\/abemi.sancho.digital\/abemi-obtem-vitoria-juridica-para-seus-associados-sobre-aproveitamento-de-credito\/"},"modified":"2022-11-09T10:56:19","modified_gmt":"2022-11-09T13:56:19","slug":"abemi-obtem-vitoria-juridica-para-seus-associados-sobre-aproveitamento-de-credito","status":"publish","type":"post","link":"https:\/\/abemi.org.br\/en\/abemi-obtem-vitoria-juridica-para-seus-associados-sobre-aproveitamento-de-credito\/","title":{"rendered":"ABEMI obt\u00e9m vit\u00f3ria jur\u00eddica para seus associados sobre aproveitamento de cr\u00e9dito"},"content":{"rendered":"<p>A ABEMI informa a vit\u00f3ria jur\u00eddica de novas conquistas para os seus associados, por meio da parceria com o escrit\u00f3rio de advocacia Menndel &amp; Associados, especializado na atua\u00e7\u00e3o tribut\u00e1ria contenciosa e administrativa. Dentre as realiza\u00e7\u00f5es em favor da ABEMI, o escrit\u00f3rio contemplou decis\u00f5es favor\u00e1veis aos filiados da ABEMI, cuja sede fica na cidade de S\u00e3o Paulo\/SP, a exemplo do Mandado de Seguran\u00e7a, em que foi reconhecido o direito de:<\/p>\n<ul>\n<li>(i) <em>Liminarmente<\/em>, deduzirem do seu lucro tribut\u00e1vel (base de c\u00e1lculo do IRPJ de 15% e, tamb\u00e9m, do IRPJ-adicional de 10%), o dobro das <strong>despesas incorridas com o PAT (Programa de Alimenta\u00e7\u00e3o do Trabalhador);<\/strong><\/li>\n<li>(ii) <em>Liminarmente<\/em>, suspenderem a exigibilidade do cr\u00e9dito tribut\u00e1rio decorrente da inclus\u00e3o dos <strong>juros de mora (Taxa Selic) recebidos no levantamento de dep\u00f3sitos judiciais tribut\u00e1rios e no aproveitamento de cr\u00e9ditos decorrentes de ind\u00e9bito tribut\u00e1rio, mediante restitui\u00e7\u00e3o ou compensa\u00e7\u00e3o, na apura\u00e7\u00e3o da base de c\u00e1lculo do IRPJ e da CSLL;<\/strong><\/li>\n<li>(iii) Em decis\u00e3o de m\u00e9rito (<em>senten\u00e7a<\/em>),<strong> recolherem o PIS e a COFINS sem a inclus\u00e3o do ISS em suas bases de c\u00e1lculo<\/strong>.<\/li>\n<\/ul>\n<p>Al\u00e9m disso, tamb\u00e9m aos associados com sede em Salvador\/BA, foi proferida <em>liminar em que est\u00e1 <\/em>reconhecido o direito desses a:<\/p>\n<ul>\n<li>(iv) <strong>Suspenderem a exigibilidade do ISS da base de c\u00e1lculo do PIS e da COFINS.<\/strong><\/li>\n<\/ul>\n<p>Em caso de d\u00favidas sobre a possibilidade de aproveitamento do cr\u00e9dito, essencialmente quanto \u00e0 robustez jur\u00eddica desse benef\u00edcio, o advogado Menndel Macedo informa que em raz\u00e3o da parceria com a ABEMI, o escrit\u00f3rio dever\u00e1 ser contato pelos canais:<\/p>\n<p><strong>Contato: (61) 3797-1089<\/strong><\/p>\n<p><strong>e-mail: <a href=\"about:blank\">escrit\u00f3rio@menndel.com<\/a><\/strong><\/p>\n<p><strong>\u00a0<\/strong><strong><em>Sobre o escrit\u00f3rio Menndel &amp; Associados<\/em><\/strong><\/p>\n<p>Menndel &amp; Associados, nova associada da ABEMI,\u00a0 possui experi\u00eancia de mais de 10 anos no cen\u00e1rio nacional e internacional, atuando em Bras\u00edlia e nas principais capitais do Pa\u00eds e do exterior, proporcionando trabalho de excel\u00eancia para entidades de classe, empresas e empres\u00e1rios ao longo de sua hist\u00f3ria, possuindo estrutura f\u00edsica em Bras\u00edlia, S\u00e3o Paulo e em Braga (Portugal), pelo qual auxilia na resolu\u00e7\u00e3o das diversas quest\u00f5es jur\u00eddicas e administrativas desde o cen\u00e1rio macro ao micro, iniciando pela pessoa f\u00edsica dos propriet\u00e1rios \u00e0 pr\u00f3pria empresa em si.<\/p>\n<p>Em decorr\u00eancia de sua atua\u00e7\u00e3o exemplar e vasto corpo jur\u00eddico, Menndel &amp; Associados \u00e9 capaz de proporcionar um trabalho pr\u00e1tico e artesanal em todos os casos que lhe s\u00e3o apresentados, sejam estes complexos ou sofisticados, permitindo aos seus clientes relacionamento duradouro de confian\u00e7a e respeito.<\/p>\n<p><strong><em>Editora Conte\u00fado<\/em><\/strong><\/p>\n<p>&nbsp;<\/p>","protected":false},"excerpt":{"rendered":"<p>A ABEMI informa a vit\u00f3ria jur\u00eddica de novas conquistas para os seus associados, por meio da parceria com o escrit\u00f3rio de advocacia Menndel &amp; Associados, especializado na atua\u00e7\u00e3o tribut\u00e1ria contenciosa e administrativa. Dentre as realiza\u00e7\u00f5es em favor da ABEMI, o escrit\u00f3rio contemplou decis\u00f5es favor\u00e1veis aos filiados da ABEMI, cuja sede fica na cidade de S\u00e3o [&hellip;]<\/p>\n","protected":false},"author":2,"featured_media":4994,"comment_status":"closed","ping_status":"open","sticky":false,"template":"","format":"standard","meta":{"site-sidebar-layout":"default","site-content-layout":"","ast-site-content-layout":"default","site-content-style":"default","site-sidebar-style":"default","ast-global-header-display":"","ast-banner-title-visibility":"","ast-main-header-display":"","ast-hfb-above-header-display":"","ast-hfb-below-header-display":"","ast-hfb-mobile-header-display":"","site-post-title":"","ast-breadcrumbs-content":"","ast-featured-img":"","footer-sml-layout":"","theme-transparent-header-meta":"","adv-header-id-meta":"","stick-header-meta":"","header-above-stick-meta":"","header-main-stick-meta":"","header-below-stick-meta":"","astra-migrate-meta-layouts":"default","ast-page-background-enabled":"default","ast-page-background-meta":{"desktop":{"background-color":"","background-image":"","background-repeat":"repeat","background-position":"center center","background-size":"auto","background-attachment":"scroll","background-type":"","background-media":"","overlay-type":"","overlay-color":"","overlay-opacity":"","overlay-gradient":""},"tablet":{"background-color":"","background-image":"","background-repeat":"repeat","background-position":"center center","background-size":"auto","background-attachment":"scroll","background-type":"","background-media":"","overlay-type":"","overlay-color":"","overlay-opacity":"","overlay-gradient":""},"mobile":{"background-color":"","background-image":"","background-repeat":"repeat","background-position":"center center","background-size":"auto","background-attachment":"scroll","background-type":"","background-media":"","overlay-type":"","overlay-color":"","overlay-opacity":"","overlay-gradient":""}},"ast-content-background-meta":{"desktop":{"background-color":"var(--ast-global-color-5)","background-image":"","background-repeat":"repeat","background-position":"center center","background-size":"auto","background-attachment":"scroll","background-type":"","background-media":"","overlay-type":"","overlay-color":"","overlay-opacity":"","overlay-gradient":""},"tablet":{"background-color":"var(--ast-global-color-5)","background-image":"","background-repeat":"repeat","background-position":"center center","background-size":"auto","background-attachment":"scroll","background-type":"","background-media":"","overlay-type":"","overlay-color":"","overlay-opacity":"","overlay-gradient":""},"mobile":{"background-color":"var(--ast-global-color-5)","background-image":"","background-repeat":"repeat","background-position":"center center","background-size":"auto","background-attachment":"scroll","background-type":"","background-media":"","overlay-type":"","overlay-color":"","overlay-opacity":"","overlay-gradient":""}},"slim_seo":{"title":"ABEMI obt\u00e9m vit\u00f3ria jur\u00eddica para seus associados sobre aproveitamento de cr\u00e9dito - ABEMI","description":"A ABEMI informa a vit\u00f3ria jur\u00eddica de novas conquistas para os seus associados, por meio da parceria com o escrit\u00f3rio de advocacia Menndel &amp; Associados, esp"},"footnotes":""},"categories":[25],"tags":[],"class_list":["post-7434","post","type-post","status-publish","format-standard","has-post-thumbnail","hentry","category-noticias"],"_links":{"self":[{"href":"https:\/\/abemi.org.br\/en\/wp-json\/wp\/v2\/posts\/7434","targetHints":{"allow":["GET"]}}],"collection":[{"href":"https:\/\/abemi.org.br\/en\/wp-json\/wp\/v2\/posts"}],"about":[{"href":"https:\/\/abemi.org.br\/en\/wp-json\/wp\/v2\/types\/post"}],"author":[{"embeddable":true,"href":"https:\/\/abemi.org.br\/en\/wp-json\/wp\/v2\/users\/2"}],"replies":[{"embeddable":true,"href":"https:\/\/abemi.org.br\/en\/wp-json\/wp\/v2\/comments?post=7434"}],"version-history":[{"count":0,"href":"https:\/\/abemi.org.br\/en\/wp-json\/wp\/v2\/posts\/7434\/revisions"}],"wp:featuredmedia":[{"embeddable":true,"href":"https:\/\/abemi.org.br\/en\/wp-json\/wp\/v2\/media\/4994"}],"wp:attachment":[{"href":"https:\/\/abemi.org.br\/en\/wp-json\/wp\/v2\/media?parent=7434"}],"wp:term":[{"taxonomy":"category","embeddable":true,"href":"https:\/\/abemi.org.br\/en\/wp-json\/wp\/v2\/categories?post=7434"},{"taxonomy":"post_tag","embeddable":true,"href":"https:\/\/abemi.org.br\/en\/wp-json\/wp\/v2\/tags?post=7434"}],"curies":[{"name":"wp","href":"https:\/\/api.w.org\/{rel}","templated":true}]}}