{"id":7457,"date":"2022-09-26T15:54:29","date_gmt":"2022-09-26T18:54:29","guid":{"rendered":"https:\/\/abemi.sancho.digital\/abemi-fortalece-parceiras-em-torno-de-causas-importantes-para-o-pais\/"},"modified":"2022-11-09T10:57:36","modified_gmt":"2022-11-09T13:57:36","slug":"abemi-fortalece-parceiras-em-torno-de-causas-importantes-para-o-pais","status":"publish","type":"post","link":"https:\/\/abemi.org.br\/en\/abemi-fortalece-parceiras-em-torno-de-causas-importantes-para-o-pais\/","title":{"rendered":"ABEMI fortalece parceiras em torno de causas importantes para o pa\u00eds"},"content":{"rendered":"<p>Na defesa dos interesses do setor de engenharia e constru\u00e7\u00e3o e em prol do desenvolvimento da economia brasileira, a ABEMI mant\u00e9m uma postura proativa e atenta aos principais desafios nacionais. \u201cAtuamos num setor de grandes projetos e\u00a0 investimentos, capaz de contribuir para o avan\u00e7o da economia e de gerar receitas, impostos e empregos. Para maior robustez de nossas a\u00e7\u00f5es, buscamos abordar as associa\u00e7\u00f5es de classe coirm\u00e3s em temas de interesses convergentes\u201d, afirma o presidente da ABEMI, Joaquim Maia.<\/p>\n<p>Ele explica que os objetivos dessas parcerias s\u00e3o a troca de experi\u00eancias e informa\u00e7\u00f5es necess\u00e1rias ao fomento e crescimento do setor de engenharia industrial, buscando o desenvolvimento dos mercados e o encaminhamento de reivindica\u00e7\u00f5es setoriais e de temas que interessem a todos.<\/p>\n<p>Um exemplo bem-sucedido dessa estrat\u00e9gia foi um movimento colaborativo no setor de saneamento do qual a ABEMI participou com a ABIMAQ\/SINDESAM (Associa\u00e7\u00e3o Brasileira da Ind\u00fastria de M\u00e1quinas e Equipamentos\/Sindicato Nacional de Equipamentos para Saneamento B\u00e1sico e Ambiental), ABCON (Associa\u00e7\u00e3o Nacional das Concession\u00e1rias Privadas de Servi\u00e7os P\u00fablicos de \u00c1gua e Esgoto) e APECS Associa\u00e7\u00e3o Paulista de Empresas de Consultoria e Servi\u00e7os em Saneamento e Meio Ambiente), por ocasi\u00e3o da aprova\u00e7\u00e3o no Congresso e san\u00e7\u00e3o presidencial do novo marco regulat\u00f3rio do saneamento.<\/p>\n<p>Atualmente, no setor de energias renov\u00e1veis, a ABEMI tamb\u00e9m est\u00e1 desenvolvendo parcerias, tendo assinado um acordo com a ABEE\u00f3lica (Associa\u00e7\u00e3o Brasileira de Energia E\u00f3lica) e outros acordos est\u00e3o em desenvolvimento.<\/p>\n<p>Com a ABDIB (Associa\u00e7\u00e3o Brasileira da Infraestrutura e Ind\u00fastrias de Base) e ABIMAQ, a ABEMI vem buscando um relacionamento estreito, visando contribuir em temas convergentes, seja no desenvolvimento dos mercados de infraestrutura e industrial, seja em temas horizontais, tais como carga tribut\u00e1ria, legisla\u00e7\u00e3o trabalhista e fontes de financiamento para os empreendimentos.<\/p>\n<figure id=\"attachment_5575\" aria-describedby=\"caption-attachment-5575\" style=\"width: 383px\" class=\"wp-caption alignright\"><img fetchpriority=\"high\" decoding=\"async\" class=\"wp-image-5575\" src=\"https:\/\/abemi.org.br\/wp-content\/uploads\/2022\/09\/IMG_6371.jpg\" alt=\"\" width=\"383\" height=\"255\" srcset=\"https:\/\/abemi.org.br\/wp-content\/uploads\/2022\/09\/IMG_6371.jpg 1200w, https:\/\/abemi.org.br\/wp-content\/uploads\/2022\/09\/IMG_6371-300x200.jpg 300w, https:\/\/abemi.org.br\/wp-content\/uploads\/2022\/09\/IMG_6371-1024x683.jpg 1024w, https:\/\/abemi.org.br\/wp-content\/uploads\/2022\/09\/IMG_6371-768x512.jpg 768w\" sizes=\"(max-width: 383px) 100vw, 383px\" \/><figcaption id=\"caption-attachment-5575\" class=\"wp-caption-text\">Joaquim Maia, presidente da ABEMI: troca de informa\u00e7\u00f5es e cria\u00e7\u00e3o de programas em conjunto com outras associa\u00e7\u00f5es<\/figcaption><\/figure>\n<p><strong>Criar sinergias<\/strong><\/p>\n<p>Com foco no agroneg\u00f3cio, que \u00e9 um setor estrat\u00e9gico para o pa\u00eds, a ABEMI est\u00e1 participando da cria\u00e7\u00e3o de uma coaliz\u00e3o CPNF, para produ\u00e7\u00e3o nacional de fertilizantes. Atualmente, o Brasil importa 85% de sua demanda desses insumos.\u00a0 A coaliz\u00e3o CPNF agrega, tamb\u00e9m, a ABIQUIM (Associa\u00e7\u00e3o Brasileira da Ind\u00fastria Qu\u00edmica), ABDIB, Sinprifert (Sindicato Nacional da Ind\u00fastria de Mat\u00e9rias-Primas para Fertilizantes), Secretaria de Governo do Estado de Sergipe e a CNT (Confedera\u00e7\u00e3o Nacional dos Transportes).<\/p>\n<p>\u201cPara seguran\u00e7a do agroneg\u00f3cio e a fim de reduzir a depend\u00eancia de importa\u00e7\u00f5es, o Brasil precisa construir, no m\u00ednimo, quatro novas plantas de nitrogenados, que poderiam consumir as reservas de g\u00e1s offshore, tanto no pr\u00e9-sal como no p\u00f3s-sal. Esse g\u00e1s \u00e9 mat\u00e9ria-prima fundamental para ind\u00fastria qu\u00edmica e gera\u00e7\u00e3o de energia termel\u00e9trica\u201d, explica Joaquim.<\/p>\n<p>No setor de \u00f3leo e g\u00e1s, foi criada a Diretoria de Offshore na ABEMI e assinado um acordo de coopera\u00e7\u00e3o com o Sinaval (Sindicato Nacional da Ind\u00fastria da Constru\u00e7\u00e3o e Repara\u00e7\u00e3o Naval e Offshore).\u00a0 A ABEMI, atrav\u00e9s de seu diretor Paolo Fiorletta, tamb\u00e9m participa do COG (Conselho de \u00d3leo e G\u00e1s) da ABIMAQ. Participa ainda da coaliz\u00e3o pela recupera\u00e7\u00e3o energ\u00e9tica de res\u00edduos urbanos com a ABREN (Associa\u00e7\u00e3o Brasileira de Recupera\u00e7\u00e3o Energ\u00e9tica de Res\u00edduos).<\/p>\n<p>\u201cEnfim, queremos trocar informa\u00e7\u00f5es, criar sinergias e estabelecer programas em conjunto com as demais associa\u00e7\u00f5es em prol do desenvolvimento do pa\u00eds\u201d, conclui Joaquim Maia.<\/p>\n<p><em><strong>Editora Conte\u00fado<\/strong><\/em><\/p>","protected":false},"excerpt":{"rendered":"<p>Na defesa dos interesses do setor de engenharia e constru\u00e7\u00e3o e em prol do desenvolvimento da economia brasileira, a ABEMI mant\u00e9m uma postura proativa e atenta aos principais desafios nacionais. \u201cAtuamos num setor de grandes projetos e\u00a0 investimentos, capaz de contribuir para o avan\u00e7o da economia e de gerar receitas, impostos e empregos. Para maior [&hellip;]<\/p>\n","protected":false},"author":2,"featured_media":7458,"comment_status":"closed","ping_status":"open","sticky":false,"template":"","format":"standard","meta":{"site-sidebar-layout":"default","site-content-layout":"","ast-site-content-layout":"default","site-content-style":"default","site-sidebar-style":"default","ast-global-header-display":"","ast-banner-title-visibility":"","ast-main-header-display":"","ast-hfb-above-header-display":"","ast-hfb-below-header-display":"","ast-hfb-mobile-header-display":"","site-post-title":"","ast-breadcrumbs-content":"","ast-featured-img":"","footer-sml-layout":"","theme-transparent-header-meta":"","adv-header-id-meta":"","stick-header-meta":"","header-above-stick-meta":"","header-main-stick-meta":"","header-below-stick-meta":"","astra-migrate-meta-layouts":"default","ast-page-background-enabled":"default","ast-page-background-meta":{"desktop":{"background-color":"","background-image":"","background-repeat":"repeat","background-position":"center center","background-size":"auto","background-attachment":"scroll","background-type":"","background-media":"","overlay-type":"","overlay-color":"","overlay-opacity":"","overlay-gradient":""},"tablet":{"background-color":"","background-image":"","background-repeat":"repeat","background-position":"center center","background-size":"auto","background-attachment":"scroll","background-type":"","background-media":"","overlay-type":"","overlay-color":"","overlay-opacity":"","overlay-gradient":""},"mobile":{"background-color":"","background-image":"","background-repeat":"repeat","background-position":"center center","background-size":"auto","background-attachment":"scroll","background-type":"","background-media":"","overlay-type":"","overlay-color":"","overlay-opacity":"","overlay-gradient":""}},"ast-content-background-meta":{"desktop":{"background-color":"var(--ast-global-color-5)","background-image":"","background-repeat":"repeat","background-position":"center center","background-size":"auto","background-attachment":"scroll","background-type":"","background-media":"","overlay-type":"","overlay-color":"","overlay-opacity":"","overlay-gradient":""},"tablet":{"background-color":"var(--ast-global-color-5)","background-image":"","background-repeat":"repeat","background-position":"center center","background-size":"auto","background-attachment":"scroll","background-type":"","background-media":"","overlay-type":"","overlay-color":"","overlay-opacity":"","overlay-gradient":""},"mobile":{"background-color":"var(--ast-global-color-5)","background-image":"","background-repeat":"repeat","background-position":"center center","background-size":"auto","background-attachment":"scroll","background-type":"","background-media":"","overlay-type":"","overlay-color":"","overlay-opacity":"","overlay-gradient":""}},"slim_seo":{"title":"ABEMI fortalece parceiras em torno de causas importantes para o pa\u00eds - ABEMI","description":"Na defesa dos interesses do setor de engenharia e constru\u00e7\u00e3o e em prol do desenvolvimento da economia brasileira, a ABEMI mant\u00e9m uma postura proativa e atenta a"},"footnotes":""},"categories":[25],"tags":[],"class_list":["post-7457","post","type-post","status-publish","format-standard","has-post-thumbnail","hentry","category-noticias"],"_links":{"self":[{"href":"https:\/\/abemi.org.br\/en\/wp-json\/wp\/v2\/posts\/7457","targetHints":{"allow":["GET"]}}],"collection":[{"href":"https:\/\/abemi.org.br\/en\/wp-json\/wp\/v2\/posts"}],"about":[{"href":"https:\/\/abemi.org.br\/en\/wp-json\/wp\/v2\/types\/post"}],"author":[{"embeddable":true,"href":"https:\/\/abemi.org.br\/en\/wp-json\/wp\/v2\/users\/2"}],"replies":[{"embeddable":true,"href":"https:\/\/abemi.org.br\/en\/wp-json\/wp\/v2\/comments?post=7457"}],"version-history":[{"count":0,"href":"https:\/\/abemi.org.br\/en\/wp-json\/wp\/v2\/posts\/7457\/revisions"}],"wp:featuredmedia":[{"embeddable":true,"href":"https:\/\/abemi.org.br\/en\/wp-json\/wp\/v2\/media\/7458"}],"wp:attachment":[{"href":"https:\/\/abemi.org.br\/en\/wp-json\/wp\/v2\/media?parent=7457"}],"wp:term":[{"taxonomy":"category","embeddable":true,"href":"https:\/\/abemi.org.br\/en\/wp-json\/wp\/v2\/categories?post=7457"},{"taxonomy":"post_tag","embeddable":true,"href":"https:\/\/abemi.org.br\/en\/wp-json\/wp\/v2\/tags?post=7457"}],"curies":[{"name":"wp","href":"https:\/\/api.w.org\/{rel}","templated":true}]}}